{"id":5355,"date":"2026-04-27T15:47:28","date_gmt":"2026-04-27T13:47:28","guid":{"rendered":"https:\/\/www.lestandmodulaire.com\/?p=5355"},"modified":"2026-04-27T15:47:28","modified_gmt":"2026-04-27T13:47:28","slug":"optimiser-sa-strategie-salon-multi-evenements-grace-au-stand-modulaire","status":"publish","type":"post","link":"https:\/\/www.lestandmodulaire.com\/en\/stand-modulaire-eco-responsable-comment-reduire-empreinte-carbone-salons-2\/","title":{"rendered":"Optimiser sa strat\u00e9gie salon multi-\u00e9v\u00e9nements gr\u00e2ce au stand modulaire"},"content":{"rendered":"<div class='breakdance'><section class=\"bde-section-5355-336 bde-section\">\n  \n  \n\t\n\n\n\n<div class=\"section-container\"><div class=\"bde-columns-5355-337 bde-columns\"><div class=\"bde-column-5355-338 bde-column\">\n  \n  \n\t\n\n\n\n<div class=\"bde-div-5355-128 bde-div\">\n  \n  \n\t\n\n\n\n<ul class=\"bde-post-meta-5355-122 bde-post-meta\"><li class=\"ee-postmeta-terms-wrap\"><span class=\"ee-postmeta-term\">Tips<\/span><\/li><\/ul><ul class=\"bde-post-meta-5355-127 bde-post-meta\">            <li class=\"ee-postmeta-date-wrap\">\n                                                        <span class=\"ee-postmeta-date\">27.04.2026<\/span>\n                                <\/li>\n            <\/ul><div class=\"bde-social-share-buttons-5355-130 bde-social-share-buttons\">\n<div class=\"bde-social-share-button bde-social-share-button-mobile js-breakdance-share-mobile\">\n  <span class=\"bde-social-share-button-icon\">\n    <svg fill=\"none\" xmlns=\"http:\/\/www.w3.org\/2000\/svg\" viewbox=\"0 0 16 16\">\n      <path d=\"M11 2.5a2.5 2.5 0 1 1 .603 1.628l-6.718 3.12c.154.49.154 1.015 0 1.504l6.718 3.12a2.5 2.5 0 1 1-.488.876l-6.718-3.12a2.5 2.5 0 1 1 0-3.256l6.718-3.12A2.504 2.504 0 0 1 11 2.5Z\" fill=\"currentColor\"\/>\n    <\/svg>\n  <\/span>\n  <\/div>\n\n<div class=\"js-breakdance-share-button bde-social-share-button bde-social-share-button-linkedin\" data-network=\"LinkedIn\"  >\n    <span class=\"bde-social-share-button-icon\">\n        <svg aria-hidden=\"true\" focusable=\"false\" data-prefix=\"fab\" class=\"svg-inline--fa fa-linkedin fa-w-14\" role=\"img\" xmlns=\"http:\/\/www.w3.org\/2000\/svg\" viewbox=\"0 0 448 512\">\n      <path fill=\"currentColor\" d=\"M416 32H31.9C14.3 32 0 46.5 0 64.3v383.4C0 465.5 14.3 480 31.9 480H416c17.6 0 32-14.5 32-32.3V64.3c0-17.8-14.4-32.3-32-32.3zM135.4 416H69V202.2h66.5V416zm-33.2-243c-21.3 0-38.5-17.3-38.5-38.5S80.9 96 102.2 96c21.2 0 38.5 17.3 38.5 38.5 0 21.3-17.2 38.5-38.5 38.5zm282.1 243h-66.4V312c0-24.8-.5-56.7-34.5-56.7-34.6 0-39.9 27-39.9 54.9V416h-66.4V202.2h63.7v29.2h.9c8.9-16.8 30.6-34.5 62.9-34.5 67.2 0 79.7 44.3 79.7 101.9V416z\"><\/path>\n    <\/svg>\n      <\/span>\n    <\/div>\n\n<\/div>\n<\/div><h1 class=\"bde-heading-5355-345 bde-heading\">\nOptimiser sa strat\u00e9gie salon multi-\u00e9v\u00e9nements gr\u00e2ce au stand modulaire\n<\/h1><div class=\"bde-rich-text-5355-346 bde-rich-text breakdance-rich-text-styles\"><p>Le stand modulaire permet \u00e0 une entreprise de participer \u00e0 plusieurs salons par an avec un seul dispositif reconfigurable : m\u00eame structure, surfaces variables, identit\u00e9 visuelle coh\u00e9rente, co\u00fbt par salon ma\u00eetris\u00e9. <\/p>\n<\/div>\n<\/div><div class=\"bde-column-5355-342 bde-column\">\n  \n  \n\t\n\n\n\n<div class=\"bde-basicslider-5355-343 bde-basicslider\">\n<div class=\"breakdance-swiper-wrapper\" data-swiper-id=\"343\">\n    <div class=\"swiper\">\n      <div class=\"swiper-wrapper\">\n      \n\t                    \n        <div class=\"swiper-slide\">\n          <div class=\"bde-basicslider__slide\">\n              <div class=\"bde-basicslider__content\">\n                                                <\/div>\n\n\t\t\t\t\t\t          <img decoding=\"async\" class=\"breakdance-image-object bde-basicslider__image\" src=\"https:\/\/www.lestandmodulaire.com\/wp-content\/uploads\/2025\/10\/le-stand-modulaire-evolutif-upcoop-12m\u00b2-02.jpg\" width=\"1250\" height=\"900\" srcset=\"https:\/\/www.lestandmodulaire.com\/wp-content\/uploads\/2025\/10\/le-stand-modulaire-evolutif-upcoop-12m\u00b2-02.jpg 1250w, https:\/\/www.lestandmodulaire.com\/wp-content\/uploads\/2025\/10\/le-stand-modulaire-evolutif-upcoop-12m\u00b2-02-300x216.jpg 300w, https:\/\/www.lestandmodulaire.com\/wp-content\/uploads\/2025\/10\/le-stand-modulaire-evolutif-upcoop-12m\u00b2-02-1024x737.jpg 1024w, https:\/\/www.lestandmodulaire.com\/wp-content\/uploads\/2025\/10\/le-stand-modulaire-evolutif-upcoop-12m\u00b2-02-768x553.jpg 768w, https:\/\/www.lestandmodulaire.com\/wp-content\/uploads\/2025\/10\/le-stand-modulaire-evolutif-upcoop-12m\u00b2-02-18x12.jpg 18w\" sizes=\"(max-width: 1250px) 100vw, 1250px\" alt=\"Stand modulaire Upcoop de 12 m\u00b2 au salon Evolutif 2025\">\n\t\t\t\n          <\/div>\n        <\/div>\n       \n      <\/div>\n    <\/div>\n        \n            <div class=\"swiper-pagination\"><\/div>\n    \n<\/div>\n\n<\/div>\n<\/div><\/div><div class=\"bde-icon-5355-344 bde-icon\">\n\n    \n            <div class=\"bde-icon-icon breakdance-icon-atom\" >\n    \n                    <svg xmlns=\"http:\/\/www.w3.org\/2000\/svg\" width=\"138\" height=\"138\" viewBox=\"0 0 138 138\">\r\n  <g id=\"Groupe_6813\" data-name=\"Groupe 6813\" transform=\"translate(-885 -796)\">\r\n    <path id=\"Trac\u00e9_10782\" data-name=\"Trac\u00e9 10782\" d=\"M69,0A69,69,0,1,1,0,69,69,69,0,0,1,69,0Z\" transform=\"translate(885 796)\" fill=\"#faf5f2\"\/>\r\n    <g id=\"Groupe_6479\" data-name=\"Groupe 6479\" transform=\"translate(2338.254 -1559.489) rotate(45)\">\r\n      <line id=\"Ligne_358\" data-name=\"Ligne 358\" x2=\"37.472\" y2=\"37.457\" transform=\"translate(717.173 2674.641)\" fill=\"none\" stroke=\"#00414a\" stroke-width=\"2\"\/>\r\n      <path id=\"Trac\u00e9_10381\" data-name=\"Trac\u00e9 10381\" d=\"M-21487.914-9899v39.539h-39.367\" transform=\"translate(22243.01 12572.418)\" fill=\"none\" stroke=\"#00414a\" stroke-width=\"2\"\/>\r\n    <\/g>\r\n  <\/g>\r\n<\/svg>\n        \n        \n        \n            <\/div>\n    \n\n\n<\/div><\/div>\n<\/section><section class=\"bde-section-5355-132 bde-section de-reading-time-content\">\n  \n  \n\t\n\n\n\n<div class=\"section-container\"><div class=\"bde-div-5355-162 bde-div\">\n  \n  \n\t\n\n\n\n<div class=\"bde-columns-5355-164 bde-columns\"><div class=\"bde-column-5355-168 bde-column\">\n  \n  \n\t\n\n\n\n<div class=\"bde-rich-text-5355-169 bde-rich-text breakdance-rich-text-styles\">\n<p><span data-contrast=\"auto\">Pendant longtemps, participer \u00e0 plusieurs salons par an voulait dire concevoir plusieurs stands diff\u00e9rents\u00a0ou\u00a0r\u00e9utiliser\u00a0un dispositif vieillissant qui ne s'adaptait plus aux surfaces disponibles.<\/span><span data-ccp-props=\"{&quot;134233117&quot;:false,&quot;134233118&quot;:false,&quot;335559738&quot;:240,&quot;335559739&quot;:240}\">\u00a0<\/span><\/p><p>\u00a0<\/p><p><span data-contrast=\"auto\">Aujourd'hui, une troisi\u00e8me voie existe. Et les entreprises qui l'ont adopt\u00e9e ne reviennent pas en arri\u00e8re.<\/span><span data-ccp-props=\"{&quot;134233117&quot;:false,&quot;134233118&quot;:false,&quot;335559738&quot;:240,&quot;335559739&quot;:240}\">\u00a0<\/span><\/p><p>\u00a0<\/p><p><span data-contrast=\"auto\">Le stand modulaire, con\u00e7u pour \u00eatre reconfigur\u00e9, redimensionn\u00e9 et red\u00e9ploy\u00e9, change fondamentalement la logique de la strat\u00e9gie \u00e9v\u00e9nementielle multi-salons. Il ne s'agit plus de g\u00e9rer des participations au cas par cas, mais de construire un actif coh\u00e9rent qui s'adapte \u00e0 chaque contexte sans \u00eatre enti\u00e8rement repens\u00e9 \u00e0 chaque fois.<\/span><span data-ccp-props=\"{&quot;134233117&quot;:false,&quot;134233118&quot;:false,&quot;335559738&quot;:240,&quot;335559739&quot;:240}\">\u00a0<\/span><\/p>\n<\/div>\n<\/div><\/div>\n<\/div><\/div>\n<\/section><section class=\"bde-section-5355-361 bde-section de-reading-time-content\">\n  \n  \n\t\n\n\n\n<div class=\"section-container\"><div class=\"bde-div-5355-362 bde-div\">\n  \n  \n\t\n\n\n\n<div class=\"bde-rich-text-5355-363 bde-rich-text breakdance-rich-text-styles\">\n<h2 class=\"title\"><span class=\"TextRun SCXW249151847 BCX0\" lang=\"FR-FR\" xml:lang=\"FR-FR\" data-contrast=\"none\"><span class=\"NormalTextRun SCXW249151847 BCX0\" data-ccp-parastyle=\"heading 2\"><span class=\"TextRun SCXW62861961 BCX0\" lang=\"FR-FR\" xml:lang=\"FR-FR\" data-contrast=\"none\"><span class=\"NormalTextRun SCXW62861961 BCX0\" data-ccp-parastyle=\"heading 2\"><span class=\"TextRun SCXW39009691 BCX0\" lang=\"FR-FR\" xml:lang=\"FR-FR\" data-contrast=\"none\"><span class=\"NormalTextRun SCXW39009691 BCX0\" data-ccp-parastyle=\"heading 2\">Pourquoi la strat\u00e9gie<\/span><\/span> <\/span><\/span><\/span><\/span><span class=\"TextRun SCXW249151847 BCX0\" lang=\"FR-FR\" xml:lang=\"FR-FR\" data-contrast=\"none\"><span class=\"NormalTextRun SCXW249151847 BCX0\" data-ccp-parastyle=\"heading 2\"><span class=\"TextRun SCXW62861961 BCX0\" lang=\"FR-FR\" xml:lang=\"FR-FR\" data-contrast=\"none\"><span class=\"NormalTextRun SCXW62861961 BCX0\" data-ccp-parastyle=\"heading 2\"><span style=\"color: #1ab993;\">multi-salons <\/span><span class=\"TextRun SCXW39009691 BCX0\" lang=\"FR-FR\" xml:lang=\"FR-FR\" data-contrast=\"none\"><span class=\"NormalTextRun SCXW39009691 BCX0\" data-ccp-parastyle=\"heading 2\">change tout<\/span><\/span><\/span><\/span><\/span><\/span><\/h2>\n<\/div>\n<\/div><div class=\"bde-div-5355-364 bde-div\">\n  \n  \n\t\n\n\n\n<div class=\"bde-columns-5355-365 bde-columns\"><div class=\"bde-column-5355-366 bde-column\">\n  \n  \n\t\n\n\n\n<div class=\"bde-rich-text-5355-367 bde-rich-text breakdance-rich-text-styles\">\n<h3 aria-level=\"3\"><b><span data-contrast=\"none\">Le salon unique n'est plus la norme<\/span><\/b><span data-ccp-props=\"{&quot;134233117&quot;:false,&quot;134233118&quot;:false,&quot;134245418&quot;:true,&quot;134245529&quot;:true,&quot;335559738&quot;:281,&quot;335559739&quot;:281}\">\u00a0<\/span><\/h3><p>\u00a0<\/p><p><span data-contrast=\"auto\">La pr\u00e9sence salon s'est intensifi\u00e9e dans de nombreux secteurs. Agro-alimentaire, pharmacie, industrie, tech... Les entreprises participent d\u00e9sormais \u00e0 3, 5, parfois 8 salons par an, en France et \u00e0 l'international.<\/span><span data-ccp-props=\"{&quot;134233117&quot;:false,&quot;134233118&quot;:false,&quot;335559738&quot;:240,&quot;335559739&quot;:240}\">\u00a0<\/span><\/p><p>\u00a0<\/p><p><span data-contrast=\"auto\">Cette fr\u00e9quence change les param\u00e8tres de d\u00e9cision. Un stand con\u00e7u pour une seule participation s'amortit diff\u00e9remment d'un stand pr\u00e9vu pour six. Le rapport entre l'investissement initial et le co\u00fbt par salon \u00e9volue radicalement selon cette logique.<\/span><span data-ccp-props=\"{&quot;134233117&quot;:false,&quot;134233118&quot;:false,&quot;335559738&quot;:240,&quot;335559739&quot;:240}\">\u00a0<\/span><\/p><p>\u00a0<\/p><p><span data-contrast=\"auto\">La question n'est plus seulement\u00a0<\/span><i><span data-contrast=\"auto\">\"Quel stand pour ce salon ?\"<\/span><\/i><span data-contrast=\"auto\">\u00a0mais\u00a0<\/span><i><span data-contrast=\"auto\">\"Quel dispositif pour l'ensemble de ma saison \u00e9v\u00e9nementielle ?\"<\/span><\/i><span data-ccp-props=\"{&quot;134233117&quot;:false,&quot;134233118&quot;:false,&quot;335559738&quot;:240,&quot;335559739&quot;:240}\">\u00a0<\/span><\/p><p aria-level=\"3\">\u00a0<\/p><h3 aria-level=\"3\"><b><span data-contrast=\"none\">Des surfaces variables, des contraintes diff\u00e9rentes<\/span><\/b><span data-ccp-props=\"{&quot;134233117&quot;:false,&quot;134233118&quot;:false,&quot;134245418&quot;:true,&quot;134245529&quot;:true,&quot;335559738&quot;:281,&quot;335559739&quot;:281}\">\u00a0<\/span><\/h3><p>\u00a0<\/p><p><span data-contrast=\"auto\">Un m\u00eame exposant peut se retrouver sur 36 m\u00b2 \u00e0 un salon national, puis sur 80 m\u00b2 \u00e0 un salon international. Les deux participations font partie de la m\u00eame strat\u00e9gie. Elles n\u00e9cessitent la m\u00eame coh\u00e9rence de marque. Mais les contraintes spatiales, logistiques et budg\u00e9taires sont radicalement diff\u00e9rentes.<\/span><span data-ccp-props=\"{&quot;134233117&quot;:false,&quot;134233118&quot;:false,&quot;335559738&quot;:240,&quot;335559739&quot;:240}\">\u00a0<\/span><\/p><p>\u00a0<\/p><p><b><span data-contrast=\"auto\">C'est pr\u00e9cis\u00e9ment cette variabilit\u00e9 que le stand modulaire est con\u00e7u pour absorber.<\/span><\/b><span data-ccp-props=\"{&quot;134233117&quot;:false,&quot;134233118&quot;:false,&quot;335559738&quot;:240,&quot;335559739&quot;:240}\">\u00a0<\/span><\/p><p>\u00a0<\/p><p><span data-contrast=\"auto\">\ud83d\udc49 Vous avez un calendrier salon 2026 \u00e0 structurer ?\u00a0<\/span><strong><a href=\"https:\/\/www.lestandmodulaire.com\/contactez-nous\/\">Parlez-nous de votre projet<\/a><\/strong><span data-contrast=\"auto\">\u00a0<\/span>\u00a0<br \/><span data-contrast=\"auto\">Nous\u00a0construisons le dispositif adapt\u00e9 \u00e0 vos formats et vos objectifs.<\/span><span data-ccp-props=\"{&quot;134233117&quot;:false,&quot;134233118&quot;:false,&quot;335559738&quot;:240,&quot;335559739&quot;:240}\">\u00a0<\/span><\/p>\n<\/div>\n<\/div><\/div>\n<\/div><\/div>\n<\/section><section class=\"bde-section-5355-419 bde-section de-reading-time-content\">\n  \n  \n\t\n\n\n\n<div class=\"section-container\"><div class=\"bde-div-5355-420 bde-div\">\n  \n  \n\t\n\n\n\n<div class=\"bde-rich-text-5355-421 bde-rich-text breakdance-rich-text-styles\">\n<h2 class=\"title\"><span class=\"TextRun SCXW88393135 BCX0\" lang=\"FR-FR\" xml:lang=\"FR-FR\" data-contrast=\"none\"><span class=\"NormalTextRun SCXW88393135 BCX0\" data-ccp-parastyle=\"heading 2\"><span class=\"TextRun SCXW136547204 BCX0\" lang=\"FR-FR\" xml:lang=\"FR-FR\" data-contrast=\"none\"><span class=\"NormalTextRun SCXW136547204 BCX0\" data-ccp-parastyle=\"heading 2\"><span class=\"TextRun SCXW110904509 BCX0\" lang=\"FR-FR\" xml:lang=\"FR-FR\" data-contrast=\"none\"><span class=\"NormalTextRun SCXW110904509 BCX0\" data-ccp-parastyle=\"heading 2\"><span class=\"TextRun SCXW251055016 BCX0\" lang=\"FR-FR\" xml:lang=\"FR-FR\" data-contrast=\"none\"><span class=\"NormalTextRun SCXW251055016 BCX0\" data-ccp-parastyle=\"heading 2\"><span class=\"TextRun SCXW167234379 BCX0\" lang=\"FR-FR\" xml:lang=\"FR-FR\" data-contrast=\"none\"><span class=\"NormalTextRun SCXW167234379 BCX0\" data-ccp-parastyle=\"heading 2\">Ce que permet concr\u00e8tement la <\/span><\/span><\/span><\/span><\/span><\/span><\/span><\/span><\/span><\/span><span class=\"TextRun SCXW88393135 BCX0\" lang=\"FR-FR\" xml:lang=\"FR-FR\" data-contrast=\"none\"><span class=\"NormalTextRun SCXW88393135 BCX0\" data-ccp-parastyle=\"heading 2\"><span class=\"TextRun SCXW136547204 BCX0\" lang=\"FR-FR\" xml:lang=\"FR-FR\" data-contrast=\"none\"><span class=\"NormalTextRun SCXW136547204 BCX0\" data-ccp-parastyle=\"heading 2\"><span class=\"TextRun SCXW110904509 BCX0\" lang=\"FR-FR\" xml:lang=\"FR-FR\" data-contrast=\"none\"><span class=\"NormalTextRun SCXW110904509 BCX0\" data-ccp-parastyle=\"heading 2\"><span style=\"color: #1ab993;\"><span class=\"TextRun SCXW167234379 BCX0\" lang=\"FR-FR\" xml:lang=\"FR-FR\" data-contrast=\"none\"><span class=\"NormalTextRun SCXW167234379 BCX0\" data-ccp-parastyle=\"heading 2\">modularit\u00e9<\/span><\/span><\/span><\/span><\/span><\/span><\/span><\/span><\/span><\/h2>\n<\/div>\n<\/div><div class=\"bde-div-5355-499 bde-div\">\n  \n  \n\t\n\n\n\n<div class=\"bde-columns-5355-500 bde-columns\"><div class=\"bde-column-5355-501 bde-column\">\n  \n  \n\t\n\n\n\n<div class=\"bde-rich-text-5355-502 bde-rich-text breakdance-rich-text-styles\">\n<h3 aria-level=\"3\"><b><span data-contrast=\"none\">Reconfiguration par la surface<\/span><\/b><span data-ccp-props=\"{&quot;134233117&quot;:false,&quot;134233118&quot;:false,&quot;134245418&quot;:true,&quot;134245529&quot;:true,&quot;335559738&quot;:281,&quot;335559739&quot;:281}\">\u00a0<\/span><\/h3><p>\u00a0<\/p><p><b><span data-contrast=\"auto\">Un syst\u00e8me modulaire peut \u00eatre d\u00e9ploy\u00e9 sur des surfaces allant de\u00a06\u00a0m\u00b2 \u00e0 plusieurs centaines de m\u00e8tres carr\u00e9s avec les m\u00eames \u00e9l\u00e9ments structurels de base.<\/span><\/b><span data-ccp-props=\"{&quot;134233117&quot;:false,&quot;134233118&quot;:false,&quot;335559738&quot;:240,&quot;335559739&quot;:240}\">\u00a0<\/span><\/p><p>\u00a0<\/p><p><span data-contrast=\"auto\">Les modules s'ajoutent, se retirent, se r\u00e9organisent. Une entreprise peut avoir un stand de 60 m\u00b2 comme configuration de r\u00e9f\u00e9rence, le d\u00e9cliner en 36 m\u00b2 pour un salon compact, ou l'\u00e9tendre \u00e0\u00a0100 m\u00b2 pour un salon phare. L'identit\u00e9 visuelle reste coh\u00e9rente. Le mobilier et les comptoirs d'accueil sont les m\u00eames. Seule la configuration change.<\/span><span data-ccp-props=\"{&quot;134233117&quot;:false,&quot;134233118&quot;:false,&quot;335559738&quot;:240,&quot;335559739&quot;:240}\">\u00a0<\/span><\/p>\n<\/div>\n<\/div><\/div>\n<\/div><\/div>\n<\/section><section class=\"bde-section-5355-601 bde-section slider-agence\">\n  \n  \n\t\n\n\n\n<div class=\"section-container\"><div class=\"bde-advancedslider-5355-602 bde-advancedslider\">\n<div class=\"breakdance-swiper-wrapper\" data-swiper-id=\"602\">\n  <div class=\"swiper\">\n    <div class=\"swiper-wrapper\">\n      <div class=\"bde-advancedslide-5355-603 bde-advancedslide swiper-slide\"><div class=\"advanced-slider__slide\">\r\n  <div class=\"bde-image-5355-604 bde-image\">\n<figure class=\"breakdance-image breakdance-image--5182\">\n\t<div class=\"breakdance-image-container\">\n\t\t<div class=\"breakdance-image-clip\"><img decoding=\"async\" class=\"breakdance-image-object\" src=\"https:\/\/www.lestandmodulaire.com\/wp-content\/uploads\/2025\/10\/le-stand-modulaire-evolutif-upcoop-12m\u00b2-02.jpg\" width=\"1250\" height=\"900\" srcset=\"https:\/\/www.lestandmodulaire.com\/wp-content\/uploads\/2025\/10\/le-stand-modulaire-evolutif-upcoop-12m\u00b2-02.jpg 1250w, https:\/\/www.lestandmodulaire.com\/wp-content\/uploads\/2025\/10\/le-stand-modulaire-evolutif-upcoop-12m\u00b2-02-300x216.jpg 300w, https:\/\/www.lestandmodulaire.com\/wp-content\/uploads\/2025\/10\/le-stand-modulaire-evolutif-upcoop-12m\u00b2-02-1024x737.jpg 1024w, https:\/\/www.lestandmodulaire.com\/wp-content\/uploads\/2025\/10\/le-stand-modulaire-evolutif-upcoop-12m\u00b2-02-768x553.jpg 768w, https:\/\/www.lestandmodulaire.com\/wp-content\/uploads\/2025\/10\/le-stand-modulaire-evolutif-upcoop-12m\u00b2-02-18x12.jpg 18w\" sizes=\"(max-width: 1250px) 100vw, 1250px\" alt=\"Stand modulaire Upcoop de 12 m\u00b2 au salon Evolutif 2025\"><\/div>\n\t<\/div><\/figure>\n\n<\/div>\r\n<\/div><\/div><div class=\"bde-advancedslide-5355-605 bde-advancedslide swiper-slide\"><div class=\"advanced-slider__slide\">\r\n  <div class=\"bde-image-5355-606 bde-image\">\n<figure class=\"breakdance-image breakdance-image--5183\">\n\t<div class=\"breakdance-image-container\">\n\t\t<div class=\"breakdance-image-clip\"><img decoding=\"async\" class=\"breakdance-image-object\" src=\"https:\/\/www.lestandmodulaire.com\/wp-content\/uploads\/2025\/10\/le-stand-modulaire-evolutif-upcoop-18m\u00b2-02.jpg\" width=\"1250\" height=\"900\" srcset=\"https:\/\/www.lestandmodulaire.com\/wp-content\/uploads\/2025\/10\/le-stand-modulaire-evolutif-upcoop-18m\u00b2-02.jpg 1250w, https:\/\/www.lestandmodulaire.com\/wp-content\/uploads\/2025\/10\/le-stand-modulaire-evolutif-upcoop-18m\u00b2-02-300x216.jpg 300w, https:\/\/www.lestandmodulaire.com\/wp-content\/uploads\/2025\/10\/le-stand-modulaire-evolutif-upcoop-18m\u00b2-02-1024x737.jpg 1024w, https:\/\/www.lestandmodulaire.com\/wp-content\/uploads\/2025\/10\/le-stand-modulaire-evolutif-upcoop-18m\u00b2-02-768x553.jpg 768w, https:\/\/www.lestandmodulaire.com\/wp-content\/uploads\/2025\/10\/le-stand-modulaire-evolutif-upcoop-18m\u00b2-02-18x12.jpg 18w\" sizes=\"(max-width: 1250px) 100vw, 1250px\" alt=\"Stand modulaire Upcoop de 18 m\u00b2 au salon Evolutif 2025\"><\/div>\n\t<\/div><\/figure>\n\n<\/div>\r\n<\/div><\/div><div class=\"bde-advancedslide-5355-607 bde-advancedslide swiper-slide\"><div class=\"advanced-slider__slide\">\r\n  <div class=\"bde-image-5355-608 bde-image\">\n<figure class=\"breakdance-image breakdance-image--5184\">\n\t<div class=\"breakdance-image-container\">\n\t\t<div class=\"breakdance-image-clip\"><img decoding=\"async\" class=\"breakdance-image-object\" src=\"https:\/\/www.lestandmodulaire.com\/wp-content\/uploads\/2025\/10\/le-stand-modulaire-evolutif-upcoop-50m\u00b2-02.jpg\" width=\"1250\" height=\"900\" srcset=\"https:\/\/www.lestandmodulaire.com\/wp-content\/uploads\/2025\/10\/le-stand-modulaire-evolutif-upcoop-50m\u00b2-02.jpg 1250w, https:\/\/www.lestandmodulaire.com\/wp-content\/uploads\/2025\/10\/le-stand-modulaire-evolutif-upcoop-50m\u00b2-02-300x216.jpg 300w, https:\/\/www.lestandmodulaire.com\/wp-content\/uploads\/2025\/10\/le-stand-modulaire-evolutif-upcoop-50m\u00b2-02-1024x737.jpg 1024w, https:\/\/www.lestandmodulaire.com\/wp-content\/uploads\/2025\/10\/le-stand-modulaire-evolutif-upcoop-50m\u00b2-02-768x553.jpg 768w, https:\/\/www.lestandmodulaire.com\/wp-content\/uploads\/2025\/10\/le-stand-modulaire-evolutif-upcoop-50m\u00b2-02-18x12.jpg 18w\" sizes=\"(max-width: 1250px) 100vw, 1250px\" alt=\"Stand modulaire Upcoop de 50 m\u00b2 au salon Evolutif 2025\"><\/div>\n\t<\/div><\/figure>\n\n<\/div>\r\n<\/div><\/div>\n    <\/div>\n  <\/div>\n\n              <div class=\"swiper-button-prev\">\n            <svg xmlns=\"http:\/\/www.w3.org\/2000\/svg\" width=\"29.892\" height=\"29.853\" viewBox=\"0 0 29.892 29.853\">\r\n  <g id=\"Fl\u00e8che_r\u00e9alisations\" data-name=\"Fl\u00e8che r\u00e9alisations\" transform=\"translate(0.039 0.708)\">\r\n    <g id=\"Groupe_6527\" data-name=\"Groupe 6527\" transform=\"translate(-2396.489 -1370.108) rotate(-45)\">\r\n      <line id=\"Ligne_358\" data-name=\"Ligne 358\" x2=\"19.099\" y2=\"19.091\" transform=\"translate(716.465 2674.042)\" fill=\"none\" stroke=\"#00414a\" stroke-width=\"2\"\/>\r\n      <path id=\"Trac\u00e9_10381\" data-name=\"Trac\u00e9 10381\" d=\"M-21507.217-9899v20.153h-20.064\" transform=\"translate(22243.01 12572.418)\" fill=\"none\" stroke=\"#00414a\" stroke-width=\"2\"\/>\r\n    <\/g>\r\n  <\/g>\r\n<\/svg>\n        <\/div>\n        <div class=\"swiper-button-next\">\n            <svg xmlns=\"http:\/\/www.w3.org\/2000\/svg\" width=\"29.892\" height=\"29.853\" viewBox=\"0 0 29.892 29.853\">\r\n  <g id=\"Fl\u00e8che_r\u00e9alisations\" data-name=\"Fl\u00e8che r\u00e9alisations\" transform=\"translate(0.039 0.708)\">\r\n    <g id=\"Groupe_6527\" data-name=\"Groupe 6527\" transform=\"translate(-2396.489 -1370.108) rotate(-45)\">\r\n      <line id=\"Ligne_358\" data-name=\"Ligne 358\" x2=\"19.099\" y2=\"19.091\" transform=\"translate(716.465 2674.042)\" fill=\"none\" stroke=\"#00414a\" stroke-width=\"2\"\/>\r\n      <path id=\"Trac\u00e9_10381\" data-name=\"Trac\u00e9 10381\" d=\"M-21507.217-9899v20.153h-20.064\" transform=\"translate(22243.01 12572.418)\" fill=\"none\" stroke=\"#00414a\" stroke-width=\"2\"\/>\r\n    <\/g>\r\n  <\/g>\r\n<\/svg>\n        <\/div>\n    \n            <div class=\"swiper-pagination\"><\/div>\n    \n<\/div>\n\n<\/div><\/div>\n<\/section><section class=\"bde-section-5355-515 bde-section de-reading-time-content\">\n  \n  \n\t\n\n\n\n<div class=\"section-container\"><div class=\"bde-div-5355-518 bde-div\">\n  \n  \n\t\n\n\n\n<div class=\"bde-columns-5355-519 bde-columns\"><div class=\"bde-column-5355-520 bde-column\">\n  \n  \n\t\n\n\n\n<div class=\"bde-rich-text-5355-521 bde-rich-text breakdance-rich-text-styles\">\n<h2 aria-level=\"3\"><b><span data-contrast=\"none\">Mise \u00e0 jour graphique sans reconstruction<\/span><\/b><span data-ccp-props=\"{&quot;134233117&quot;:false,&quot;134233118&quot;:false,&quot;134245418&quot;:true,&quot;134245529&quot;:true,&quot;335559738&quot;:281,&quot;335559739&quot;:281}\">\u00a0<\/span><\/h2><p>\u00a0<\/p><p><span data-contrast=\"auto\">Dans une strat\u00e9gie multi-salons sur plusieurs ann\u00e9es, les messages \u00e9voluent. Un lancement produit, une nouvelle gamme, un repositionnement de marque.<\/span>\u00a0<br \/><span data-contrast=\"auto\">La communication change, parfois en cours d'ann\u00e9e.\u00a0Avec un stand modulaire, l'habillage graphique est ind\u00e9pendant de la structure. Remplacer les visuels ne signifie pas refaire le stand. Les panneaux, b\u00e2ches et caissons lumineux sont rempla\u00e7ables sans toucher aux\u00a0cadres\u00a0aluminium qui constituent le squelette du dispositif.<\/span><span data-ccp-props=\"{&quot;134233117&quot;:false,&quot;134233118&quot;:false,&quot;201341983&quot;:0,&quot;335551550&quot;:1,&quot;335551620&quot;:1,&quot;335559685&quot;:0,&quot;335559737&quot;:0,&quot;335559738&quot;:240,&quot;335559739&quot;:240,&quot;335559740&quot;:259}\">\u00a0<\/span><\/p><p>\u00a0<\/p><p><span data-contrast=\"auto\">Ce d\u00e9couplage entre structure et communication est un avantage op\u00e9rationnel direct et un levier de ma\u00eetrise budg\u00e9taire r\u00e9el.<\/span><span data-ccp-props=\"{&quot;134233117&quot;:false,&quot;134233118&quot;:false,&quot;335559738&quot;:240,&quot;335559739&quot;:240}\">\u00a0<\/span><\/p><p>\u00a0<\/p><p><span data-contrast=\"auto\">\ud83d\udc49 Pour voir comment un stand modulaire peut porter une identit\u00e9 de marque forte sur diff\u00e9rents formats :\u00a0<\/span><strong><a href=\"https:\/\/www.lestandmodulaire.com\/comment-concevoir-un-stand-moduaire-impactant-et-personalise\/\">Comment concevoir un stand modulaire impactant et personnalis\u00e9 ?<\/a><\/strong><span data-ccp-props=\"{&quot;134233117&quot;:false,&quot;134233118&quot;:false,&quot;335559738&quot;:240,&quot;335559739&quot;:240}\">\u00a0<\/span><\/p>\n<\/div>\n<\/div><\/div>\n<\/div><\/div>\n<\/section><section class=\"bde-section-5355-535 bde-section de-reading-time-content\">\n  \n  \n\t\n\n\n\n<div class=\"section-container\"><div class=\"bde-div-5355-536 bde-div\">\n  \n  \n\t\n\n\n\n<div class=\"bde-rich-text-5355-537 bde-rich-text breakdance-rich-text-styles\">\n<h2 class=\"title\"><span class=\"TextRun SCXW18695714 BCX0\" lang=\"FR-FR\" xml:lang=\"FR-FR\" data-contrast=\"none\"><span class=\"NormalTextRun SCXW18695714 BCX0\" data-ccp-parastyle=\"heading 2\"><span class=\"TextRun SCXW20375096 BCX0\" lang=\"FR-FR\" xml:lang=\"FR-FR\" data-contrast=\"none\"><span class=\"NormalTextRun SCXW20375096 BCX0\" data-ccp-parastyle=\"heading 2\"><span class=\"TextRun SCXW86026856 BCX0\" lang=\"FR-FR\" xml:lang=\"FR-FR\" data-contrast=\"none\"><span class=\"NormalTextRun SCXW86026856 BCX0\" data-ccp-parastyle=\"heading 2\">La <span style=\"color: #1ab993;\"><span class=\"TextRun SCXW173393706 BCX0\" lang=\"FR-FR\" xml:lang=\"FR-FR\" data-contrast=\"none\"><span class=\"NormalTextRun SCXW173393706 BCX0\" data-ccp-parastyle=\"heading 2\">logique d'amortissement : <\/span><\/span><\/span><\/span><\/span><\/span><\/span><\/span><\/span><span class=\"TextRun SCXW173393706 BCX0\" lang=\"FR-FR\" xml:lang=\"FR-FR\" data-contrast=\"none\"><span class=\"NormalTextRun SCXW173393706 BCX0\" data-ccp-parastyle=\"heading 2\">comment \u00e7a se calcule vraiment<\/span><\/span><\/h2>\n<\/div>\n<\/div><div class=\"bde-div-5355-538 bde-div\">\n  \n  \n\t\n\n\n\n<div class=\"bde-columns-5355-539 bde-columns\"><div class=\"bde-column-5355-540 bde-column\">\n  \n  \n\t\n\n\n\n<div class=\"bde-rich-text-5355-541 bde-rich-text breakdance-rich-text-styles\">\n<h3 aria-level=\"3\"><b><span data-contrast=\"none\">Co\u00fbt par salon vs investissement initial<\/span><\/b><span data-ccp-props=\"{&quot;134233117&quot;:false,&quot;134233118&quot;:false,&quot;134245418&quot;:true,&quot;134245529&quot;:true,&quot;335559738&quot;:281,&quot;335559739&quot;:281}\">\u00a0<\/span><\/h3><p>\u00a0<\/p><p><b><span data-contrast=\"auto\">La bonne unit\u00e9 de mesure d'un stand modulaire, ce n'est pas le budget initial c'est le co\u00fbt par salon sur la dur\u00e9e de vie du dispositif.<\/span><\/b><span data-ccp-props=\"{&quot;134233117&quot;:false,&quot;134233118&quot;:false,&quot;335559738&quot;:240,&quot;335559739&quot;:240}\">\u00a0<\/span><\/p><p>\u00a0<\/p><p><span data-contrast=\"auto\">L'investissement dans un stand modulaire est r\u00e9el. Mais un stand de qualit\u00e9 se r\u00e9utilise pendant 5 \u00e0 8 ans, avec des mises \u00e0 jour graphiques interm\u00e9diaires. Sur 4 salons par an pendant 5 ans, l'investissement s'\u00e9tale sur 20 participations. Ramen\u00e9 \u00e0 l'unit\u00e9, le co\u00fbt par salon est sensiblement diff\u00e9rent de ce que laisse penser le ticket d'entr\u00e9e.<\/span><span data-ccp-props=\"{&quot;134233117&quot;:false,&quot;134233118&quot;:false,&quot;335559738&quot;:240,&quot;335559739&quot;:240}\">\u00a0<\/span><\/p><h2 aria-level=\"3\">\u00a0<\/h2><h3 aria-level=\"3\"><b><span data-contrast=\"none\">Ce que les entreprises \u00e9conomisent r\u00e9ellement<\/span><\/b><span data-ccp-props=\"{&quot;134233117&quot;:false,&quot;134233118&quot;:false,&quot;134245418&quot;:true,&quot;134245529&quot;:true,&quot;335559738&quot;:281,&quot;335559739&quot;:281}\">\u00a0<\/span><\/h3><p>\u00a0<\/p><p><span data-contrast=\"auto\">Les gains ne se limitent pas \u00e0 la structure. La strat\u00e9gie modulaire g\u00e9n\u00e8re des \u00e9conomies sur plusieurs postes :<\/span><span data-ccp-props=\"{&quot;134233117&quot;:false,&quot;134233118&quot;:false,&quot;335559738&quot;:240,&quot;335559739&quot;:240}\">\u00a0<\/span><\/p><ul><li aria-setsize=\"-1\" data-leveltext=\"\uf0b7\" data-font=\"Symbol\" data-listid=\"66\" data-list-defn-props=\"{&quot;335552541&quot;:1,&quot;335559685&quot;:720,&quot;335559991&quot;:360,&quot;469769226&quot;:&quot;Symbol&quot;,&quot;469769242&quot;:[8226],&quot;469777803&quot;:&quot;left&quot;,&quot;469777804&quot;:&quot;\uf0b7&quot;,&quot;469777815&quot;:&quot;hybridMultilevel&quot;}\" data-aria-posinset=\"1\" data-aria-level=\"1\"><b><span data-contrast=\"auto\">Transport et logistique.<\/span><\/b><span data-contrast=\"auto\">\u00a0\u00c0 surface \u00e9quivalente, le volume de transport d'un stand modulaire est inf\u00e9rieur \u00e0 celui d'une construction classique. Les co\u00fbts de fret, de manutention et de stockage sont r\u00e9duits \u00e0 chaque d\u00e9ploiement.<\/span>\u00a0<br \/><span data-ccp-props=\"{&quot;134233117&quot;:false,&quot;134233118&quot;:false,&quot;335559738&quot;:240,&quot;335559739&quot;:240}\">\u00a0<\/span><\/li><\/ul><ul><li aria-setsize=\"-1\" data-leveltext=\"\uf0b7\" data-font=\"Symbol\" data-listid=\"66\" data-list-defn-props=\"{&quot;335552541&quot;:1,&quot;335559685&quot;:720,&quot;335559991&quot;:360,&quot;469769226&quot;:&quot;Symbol&quot;,&quot;469769242&quot;:[8226],&quot;469777803&quot;:&quot;left&quot;,&quot;469777804&quot;:&quot;\uf0b7&quot;,&quot;469777815&quot;:&quot;hybridMultilevel&quot;}\" data-aria-posinset=\"2\" data-aria-level=\"1\"><b><span data-contrast=\"auto\">Main-d'\u0153uvre de montage.<\/span><\/b><span data-contrast=\"auto\">\u00a0Un syst\u00e8me bien con\u00e7u se monte plus vite. Les \u00e9quipes sont rod\u00e9es, les pi\u00e8ces identifi\u00e9es, les proc\u00e9dures reproductibles. Sur plusieurs salons dans l'ann\u00e9e, le gain de temps est significatif.<\/span>\u00a0<br \/><span data-ccp-props=\"{&quot;134233117&quot;:false,&quot;134233118&quot;:false,&quot;335559738&quot;:240,&quot;335559739&quot;:240}\">\u00a0<\/span><\/li><\/ul><ul><li aria-setsize=\"-1\" data-leveltext=\"\uf0b7\" data-font=\"Symbol\" data-listid=\"66\" data-list-defn-props=\"{&quot;335552541&quot;:1,&quot;335559685&quot;:720,&quot;335559991&quot;:360,&quot;469769226&quot;:&quot;Symbol&quot;,&quot;469769242&quot;:[8226],&quot;469777803&quot;:&quot;left&quot;,&quot;469777804&quot;:&quot;\uf0b7&quot;,&quot;469777815&quot;:&quot;hybridMultilevel&quot;}\" data-aria-posinset=\"3\" data-aria-level=\"1\"><b><span data-contrast=\"auto\">Cr\u00e9ation graphique.<\/span><\/b><span data-contrast=\"auto\">\u00a0Quand la structure reste stable, la cr\u00e9ation se concentre sur ce qui change. On met \u00e0 jour les messages, on conserve ce qui fonctionne.<\/span><span data-ccp-props=\"{&quot;134233117&quot;:false,&quot;134233118&quot;:false,&quot;335559738&quot;:240,&quot;335559739&quot;:240}\">\u00a0<\/span><\/li><\/ul><p>\u00a0<\/p><p><span data-contrast=\"auto\">\ud83d\udc49\u00a0<\/span><b><span data-contrast=\"auto\">Pr\u00eat \u00e0 calculer le ROI de votre stand sur plusieurs salons ?<\/span><\/b><span data-contrast=\"auto\">\u00a0<\/span><a href=\"https:\/\/www.lestandmodulaire.com\/contactez-nous\/\"><span data-contrast=\"none\"><strong>Contactez Steve et son \u00e9quipe<\/strong><\/span><\/a><span data-contrast=\"auto\">\u00a0pour une analyse adapt\u00e9e \u00e0 votre calendrier.<\/span><span data-ccp-props=\"{&quot;134233117&quot;:false,&quot;134233118&quot;:false,&quot;335559738&quot;:240,&quot;335559739&quot;:240}\">\u00a0<\/span><\/p>\n<\/div>\n<\/div><\/div>\n<\/div><\/div>\n<\/section><section class=\"bde-section-5355-542 bde-section de-reading-time-content\">\n  \n  \n\t\n\n\n\n<div class=\"section-container\"><div class=\"bde-div-5355-543 bde-div\">\n  \n  \n\t\n\n\n\n<div class=\"bde-rich-text-5355-544 bde-rich-text breakdance-rich-text-styles\">\n<h2 class=\"title\"><span class=\"TextRun SCXW22553611 BCX0\" lang=\"FR-FR\" xml:lang=\"FR-FR\" data-contrast=\"none\"><span class=\"NormalTextRun SCXW22553611 BCX0\" data-ccp-parastyle=\"heading 2\">Construire une <\/span><\/span><span class=\"TextRun SCXW18695714 BCX0\" lang=\"FR-FR\" xml:lang=\"FR-FR\" data-contrast=\"none\"><span class=\"NormalTextRun SCXW18695714 BCX0\" data-ccp-parastyle=\"heading 2\"><span class=\"TextRun SCXW200419391 BCX0\" lang=\"FR-FR\" xml:lang=\"FR-FR\" data-contrast=\"none\"><span class=\"NormalTextRun SCXW200419391 BCX0\" data-ccp-parastyle=\"heading 2\"><span class=\"TextRun SCXW222979075 BCX0\" lang=\"FR-FR\" xml:lang=\"FR-FR\" data-contrast=\"none\"><span class=\"NormalTextRun SCXW222979075 BCX0\" data-ccp-parastyle=\"heading 2\"><span class=\"TextRun SCXW97928732 BCX0\" lang=\"FR-FR\" xml:lang=\"FR-FR\" data-contrast=\"none\"><span class=\"NormalTextRun SCXW97928732 BCX0\" data-ccp-parastyle=\"heading 2\"><span style=\"color: #1ab993;\"><span class=\"TextRun SCXW80888402 BCX0\" lang=\"FR-FR\" xml:lang=\"FR-FR\" data-contrast=\"none\"><span class=\"NormalTextRun SCXW80888402 BCX0\" data-ccp-parastyle=\"heading 2\">strat\u00e9gie multi-salons <\/span><\/span><\/span><\/span><\/span><\/span><\/span><\/span><\/span><\/span><\/span><span class=\"TextRun SCXW80888402 BCX0\" lang=\"FR-FR\" xml:lang=\"FR-FR\" data-contrast=\"none\"><span class=\"NormalTextRun SCXW80888402 BCX0\" data-ccp-parastyle=\"heading 2\">coh\u00e9rente<\/span><\/span><\/h2>\n<\/div>\n<\/div><div class=\"bde-div-5355-545 bde-div\">\n  \n  \n\t\n\n\n\n<div class=\"bde-columns-5355-546 bde-columns\"><div class=\"bde-column-5355-547 bde-column\">\n  \n  \n\t\n\n\n\n<div class=\"bde-rich-text-5355-548 bde-rich-text breakdance-rich-text-styles\">\n<h3 aria-level=\"3\"><b><span data-contrast=\"none\">D\u00e9finir une configuration de r\u00e9f\u00e9rence<\/span><\/b><span data-ccp-props=\"{&quot;134233117&quot;:false,&quot;134233118&quot;:false,&quot;134245418&quot;:true,&quot;134245529&quot;:true,&quot;335559738&quot;:281,&quot;335559739&quot;:281}\">\u00a0<\/span><\/h3><p>\u00a0<\/p><p><span data-contrast=\"auto\">La premi\u00e8re \u00e9tape d'une strat\u00e9gie modulaire multi-salons : d\u00e9finir une configuration de r\u00e9f\u00e9rence. Le stand dans sa version compl\u00e8te, pens\u00e9e pour la surface la plus grande de la saison.<\/span><span data-ccp-props=\"{&quot;134233117&quot;:false,&quot;134233118&quot;:false,&quot;335559738&quot;:240,&quot;335559739&quot;:240}\">\u00a0<\/span><\/p><p>\u00a0<\/p><p><span data-contrast=\"auto\">Cette configuration devient le standard. Elle int\u00e8gre les zones fonctionnelles structurantes (accueil, d\u00e9monstration, espace de discussion, r\u00e9serve), les \u00e9l\u00e9ments de signal\u00e9tique principaux, et les modules \u00e0 fort impact visuel.<\/span><span data-ccp-props=\"{&quot;134233117&quot;:false,&quot;134233118&quot;:false,&quot;335559738&quot;:240,&quot;335559739&quot;:240}\">\u00a0<\/span><\/p><p>\u00a0<\/p><p><span data-contrast=\"auto\">\u00c0 partir de l\u00e0, toutes les d\u00e9clinaisons sont des adaptations de cette base. Rien n'est r\u00e9invent\u00e9 \u00e0 chaque fois.<\/span><span data-ccp-props=\"{&quot;134233117&quot;:false,&quot;134233118&quot;:false,&quot;335559738&quot;:240,&quot;335559739&quot;:240}\">\u00a0<\/span><\/p><h3 aria-level=\"3\">\u00a0<\/h3><h3 aria-level=\"3\"><b><span data-contrast=\"none\">Anticiper les formats des salons de la saison<\/span><\/b><span data-ccp-props=\"{&quot;134233117&quot;:false,&quot;134233118&quot;:false,&quot;134245418&quot;:true,&quot;134245529&quot;:true,&quot;335559738&quot;:281,&quot;335559739&quot;:281}\">\u00a0<\/span><\/h3><p>\u00a0<\/p><p><span data-contrast=\"auto\">Un exercice utile avant de concevoir le dispositif : cartographier l'ensemble des participations de la saison en notant pour chacune la surface disponible, la configuration du stand (\u00eelot, lin\u00e9aire, angle) et les objectifs sp\u00e9cifiques.<\/span><span data-ccp-props=\"{&quot;134233117&quot;:false,&quot;134233118&quot;:false,&quot;335559738&quot;:240,&quot;335559739&quot;:240}\">\u00a0<\/span><\/p><p>\u00a0<\/p><p><span data-contrast=\"auto\">Ce mapping permet d'identifier les modules prioritaires,\u00a0ceux utilis\u00e9s syst\u00e9matiquement et ceux qui ne seront activ\u00e9s que ponctuellement. C'est \u00e0 partir de cette lecture que la conception devient vraiment strat\u00e9gique.<\/span><span data-ccp-props=\"{&quot;134233117&quot;:false,&quot;134233118&quot;:false,&quot;335559738&quot;:240,&quot;335559739&quot;:240}\">\u00a0<\/span><\/p><h3 aria-level=\"3\">\u00a0<\/h3><h3 aria-level=\"3\"><b><span data-contrast=\"none\">Penser le stock comme un actif<\/span><\/b><span data-ccp-props=\"{&quot;134233117&quot;:false,&quot;134233118&quot;:false,&quot;134245418&quot;:true,&quot;134245529&quot;:true,&quot;335559738&quot;:281,&quot;335559739&quot;:281}\">\u00a0<\/span><\/h3><p>\u00a0<\/p><p><span data-contrast=\"auto\">Le stockage d'un stand modulaire n'est pas un co\u00fbt r\u00e9siduel,\u00a0c'est la gestion d'un actif. Un stockage bien organis\u00e9, dans des conditions ad\u00e9quates pour les mat\u00e9riaux et les habillages graphiques, conditionne la rapidit\u00e9 et la qualit\u00e9 du red\u00e9ploiement.<\/span><span data-ccp-props=\"{&quot;134233117&quot;:false,&quot;134233118&quot;:false,&quot;335559738&quot;:240,&quot;335559739&quot;:240}\">\u00a0<\/span><\/p><p>\u00a0<\/p><p><span data-contrast=\"auto\">Certaines entreprises int\u00e8grent leur stand modulaire dans leur inventaire d'actifs de communication au m\u00eame titre que leur flotte de v\u00e9hicules ou leur mat\u00e9riel informatique. C'est une approche coh\u00e9rente avec la dur\u00e9e de vie r\u00e9elle du dispositif.<\/span><span data-ccp-props=\"{&quot;134233117&quot;:false,&quot;134233118&quot;:false,&quot;335559738&quot;:240,&quot;335559739&quot;:240}\">\u00a0<\/span><\/p>\n<\/div>\n<\/div><\/div>\n<\/div><\/div>\n<\/section><section class=\"bde-section-5355-609 bde-section de-reading-time-content\">\n  \n  \n\t\n\n\n\n<div class=\"section-container\"><div class=\"bde-div-5355-610 bde-div\">\n  \n  \n\t\n\n\n\n<div class=\"bde-rich-text-5355-611 bde-rich-text breakdance-rich-text-styles\">\n<h2 class=\"title\"><span class=\"TextRun SCXW22553611 BCX0\" lang=\"FR-FR\" xml:lang=\"FR-FR\" data-contrast=\"none\"><span class=\"NormalTextRun SCXW22553611 BCX0\" data-ccp-parastyle=\"heading 2\"><span class=\"TextRun SCXW62807517 BCX0\" lang=\"FR-FR\" xml:lang=\"FR-FR\" data-contrast=\"none\"><span class=\"NormalTextRun SCXW62807517 BCX0\" data-ccp-parastyle=\"heading 2\">Les <\/span><\/span><\/span><\/span><span class=\"TextRun SCXW18695714 BCX0\" lang=\"FR-FR\" xml:lang=\"FR-FR\" data-contrast=\"none\"><span class=\"NormalTextRun SCXW18695714 BCX0\" data-ccp-parastyle=\"heading 2\"><span class=\"TextRun SCXW200419391 BCX0\" lang=\"FR-FR\" xml:lang=\"FR-FR\" data-contrast=\"none\"><span class=\"NormalTextRun SCXW200419391 BCX0\" data-ccp-parastyle=\"heading 2\"><span class=\"TextRun SCXW222979075 BCX0\" lang=\"FR-FR\" xml:lang=\"FR-FR\" data-contrast=\"none\"><span class=\"NormalTextRun SCXW222979075 BCX0\" data-ccp-parastyle=\"heading 2\"><span class=\"TextRun SCXW97928732 BCX0\" lang=\"FR-FR\" xml:lang=\"FR-FR\" data-contrast=\"none\"><span class=\"NormalTextRun SCXW97928732 BCX0\" data-ccp-parastyle=\"heading 2\"><span style=\"color: #1ab993;\"><span class=\"TextRun SCXW80888402 BCX0\" lang=\"FR-FR\" xml:lang=\"FR-FR\" data-contrast=\"none\"><span class=\"NormalTextRun SCXW80888402 BCX0\" data-ccp-parastyle=\"heading 2\"><span class=\"TextRun SCXW62807517 BCX0\" lang=\"FR-FR\" xml:lang=\"FR-FR\" data-contrast=\"none\"><span class=\"NormalTextRun SCXW62807517 BCX0\" data-ccp-parastyle=\"heading 2\">configurations<\/span><\/span> <\/span><\/span><\/span><\/span><\/span><\/span><\/span><\/span><\/span><\/span><\/span><span class=\"TextRun SCXW80888402 BCX0\" lang=\"FR-FR\" xml:lang=\"FR-FR\" data-contrast=\"none\"><span class=\"NormalTextRun SCXW80888402 BCX0\" data-ccp-parastyle=\"heading 2\"><span class=\"TextRun SCXW62807517 BCX0\" lang=\"FR-FR\" xml:lang=\"FR-FR\" data-contrast=\"none\"><span class=\"NormalTextRun SCXW62807517 BCX0\" data-ccp-parastyle=\"heading 2\">les plus fr\u00e9quentes<\/span><\/span><\/span><\/span><\/h2>\n<\/div>\n<\/div><div class=\"bde-div-5355-612 bde-div\">\n  \n  \n\t\n\n\n\n<div class=\"bde-columns-5355-613 bde-columns\"><div class=\"bde-column-5355-614 bde-column\">\n  \n  \n\t\n\n\n\n<div class=\"bde-rich-text-5355-615 bde-rich-text breakdance-rich-text-styles\">\n<h3 aria-level=\"3\"><b><span data-contrast=\"none\">Du stand compact au grand format<\/span><\/b><span data-ccp-props=\"{&quot;134233117&quot;:false,&quot;134233118&quot;:false,&quot;134245418&quot;:true,&quot;134245529&quot;:true,&quot;335559738&quot;:281,&quot;335559739&quot;:281}\">\u00a0<\/span><\/h3><p>\u00a0<\/p><p><span data-contrast=\"auto\">Sur les salons nationaux, les surfaces se situent souvent entre\u00a06\u00a0et 50 m\u00b2. Un stand modulaire sur cette gamme\u00a0(nos solutions\u00a0<\/span><b><span data-contrast=\"auto\">EcoMod<\/span><\/b><span data-contrast=\"auto\">\u00a0ou\u00a0<\/span><b><span data-contrast=\"auto\">FlexiMod)\u00a0<\/span><\/b><span data-contrast=\"auto\">peut int\u00e9grer un comptoir d'accueil, deux \u00e0 trois \u00e9l\u00e9ments de hauteur, une zone de d\u00e9monstration et une r\u00e9serve.<\/span><span data-ccp-props=\"{&quot;134233117&quot;:false,&quot;134233118&quot;:false,&quot;335559738&quot;:240,&quot;335559739&quot;:240}\">\u00a0<\/span><\/p><p>\u00a0<\/p><p><span data-contrast=\"auto\">Sur les salons phares, les surfaces d\u00e9passent 80 m\u00b2, voire 150 m\u00b2 et plus. La m\u00eame base modulaire s'\u00e9tend avec des modules compl\u00e9mentaires pour cr\u00e9er des espaces de r\u00e9union, des zones VIP, des espaces de d\u00e9monstration immersifs. C'est le positionnement de notre gamme\u00a0<\/span><b><span data-contrast=\"auto\">PremiumMod<\/span><\/b><span data-contrast=\"auto\">.<\/span><span data-ccp-props=\"{&quot;134233117&quot;:false,&quot;134233118&quot;:false,&quot;335559738&quot;:240,&quot;335559739&quot;:240}\">\u00a0<\/span><\/p>\n<\/div><a class=\"bde-container-link-5355-616 bde-container-link breakdance-link\" href=\"https:\/\/www.lestandmodulaire.com\/nos-solutions\/\" target=\"_blank\" data-type=\"url\">\n  \n  \n\t\n\n\n\n<div class=\"bde-div-5355-617 bde-div\">\n  \n  \n\t\n\n\n\n<div class=\"bde-text-5355-618 bde-text\">\nDECOUVRIR NOS SOLUTIONS MODULAIRES\n<\/div>\n<\/div><div class=\"bde-icon-5355-619 bde-icon\">\n\n    \n            <div class=\"bde-icon-icon breakdance-icon-atom\" >\n    \n                    <svg xmlns=\"http:\/\/www.w3.org\/2000\/svg\" viewBox=\"0 0 320 512\"><!--! Font Awesome Free 6.5.1 by @fontawesome - https:\/\/fontawesome.com License - https:\/\/fontawesome.com\/license\/free (Icons: CC BY 4.0, Fonts: SIL OFL 1.1, Code: MIT License) Copyright 2023 Fonticons, Inc. --><path d=\"M278.6 233.4c12.5 12.5 12.5 32.8 0 45.3l-160 160c-12.5 12.5-32.8 12.5-45.3 0s-12.5-32.8 0-45.3L210.7 256 73.4 118.6c-12.5-12.5-12.5-32.8 0-45.3s32.8-12.5 45.3 0l160 160z\"\/><\/svg>\n        \n        \n        \n            <\/div>\n    \n\n\n<\/div>\n\n<\/a>\n<\/div><\/div>\n<\/div><\/div>\n<\/section><section class=\"bde-section-5355-626 bde-section de-reading-time-content\">\n  \n  \n\t\n\n\n\n<div class=\"section-container\"><div class=\"bde-div-5355-637 bde-div\">\n  \n  \n\t\n\n\n\n<div class=\"bde-columns-5355-638 bde-columns\"><div class=\"bde-column-5355-639 bde-column\">\n  \n  \n\t\n\n\n\n<img decoding=\"async\" class=\"bde-image2-5355-640 bde-image2\" src=\"https:\/\/www.lestandmodulaire.com\/wp-content\/uploads\/2025\/10\/le-stand-modulaire-realisations-endress-hauser-pollutec-24m\u00b2-2025-02.jpg\" alt=\"Stand modulaire Endress+Hauser au salon Pollutec 2025 vue de face\" loading=\"lazy\" srcset=\"https:\/\/www.lestandmodulaire.com\/wp-content\/uploads\/2025\/10\/le-stand-modulaire-realisations-endress-hauser-pollutec-24m\u00b2-2025-02.jpg 1250w, https:\/\/www.lestandmodulaire.com\/wp-content\/uploads\/2025\/10\/le-stand-modulaire-realisations-endress-hauser-pollutec-24m\u00b2-2025-02-300x216.jpg 300w, https:\/\/www.lestandmodulaire.com\/wp-content\/uploads\/2025\/10\/le-stand-modulaire-realisations-endress-hauser-pollutec-24m\u00b2-2025-02-1024x737.jpg 1024w, https:\/\/www.lestandmodulaire.com\/wp-content\/uploads\/2025\/10\/le-stand-modulaire-realisations-endress-hauser-pollutec-24m\u00b2-2025-02-768x553.jpg 768w, https:\/\/www.lestandmodulaire.com\/wp-content\/uploads\/2025\/10\/le-stand-modulaire-realisations-endress-hauser-pollutec-24m\u00b2-2025-02-18x12.jpg 18w\" sizes=\"(max-width: 1250px) 100vw, 1250px\">\n<\/div><div class=\"bde-column-5355-641 bde-column\">\n  \n  \n\t\n\n\n\n<div class=\"bde-rich-text-5355-642 bde-rich-text breakdance-rich-text-styles\">\n<p><span data-contrast=\"auto\">Le cas\u00a0Endress+Hauser\u00a0illustre bien cette logique : <\/span><\/p><p>\u00a0<\/p><p><span data-contrast=\"auto\">Avec un stand modulaire de 24 m\u00b2 d\u00e9ploy\u00e9 sur le salon Pollutec, d\u00e9clinable sur d'autres formats dans l'ann\u00e9e, avec une identit\u00e9 visuelle coh\u00e9rente et un dispositif qui monte en puissance au fil des participations.<\/span><span data-ccp-props=\"{&quot;134233117&quot;:false,&quot;134233118&quot;:false,&quot;335559738&quot;:240,&quot;335559739&quot;:240}\">\u00a0<\/span><\/p><p>\u00a0<\/p><p><span data-contrast=\"auto\">\ud83d\udc49\u00a0<\/span><strong><a href=\"https:\/\/www.lestandmodulaire.com\/nos-realisations\/endress-hauser-pollutec-2025\/\">D\u00e9couvrez\u00a0l'\u00e9volution du stand Endress+hauser<\/a>\u00a0<\/strong><\/p>\n<\/div>\n<\/div><\/div>\n<\/div><\/div>\n<\/section><section class=\"bde-section-5355-329 bde-section de-reading-time-content\">\n  \n  \n\t\n\n\n\n<div class=\"section-container\"><div class=\"bde-div-5355-332 bde-div\">\n  \n  \n\t\n\n\n\n<div class=\"bde-columns-5355-333 bde-columns\"><div class=\"bde-column-5355-334 bde-column\">\n  \n  \n\t\n\n\n\n<div class=\"bde-rich-text-5355-335 bde-rich-text breakdance-rich-text-styles\">\n<p aria-level=\"2\"><strong>Ce qu'on retient des strat\u00e9gies qui fonctionnent\u00a0<\/strong><\/p><p>\u00a0<\/p><p><strong>Les entreprises qui tirent le meilleur parti d'un stand modulaire multi-salons partagent quelques caract\u00e9ristiques communes.\u00a0\u00a0<\/strong><\/p><ul><li aria-setsize=\"-1\" data-leveltext=\"\uf0b7\" data-font=\"Symbol\" data-listid=\"67\" data-list-defn-props=\"{&quot;335552541&quot;:1,&quot;335559685&quot;:720,&quot;335559991&quot;:360,&quot;469769226&quot;:&quot;Symbol&quot;,&quot;469769242&quot;:[8226],&quot;469777803&quot;:&quot;left&quot;,&quot;469777804&quot;:&quot;\uf0b7&quot;,&quot;469777815&quot;:&quot;hybridMultilevel&quot;}\" data-aria-posinset=\"1\" data-aria-level=\"1\"><strong>Elles ont d\u00e9fini une configuration de r\u00e9f\u00e9rence claire avant de commander.\u00a0<\/strong><\/li><\/ul><ul><li aria-setsize=\"-1\" data-leveltext=\"\uf0b7\" data-font=\"Symbol\" data-listid=\"67\" data-list-defn-props=\"{&quot;335552541&quot;:1,&quot;335559685&quot;:720,&quot;335559991&quot;:360,&quot;469769226&quot;:&quot;Symbol&quot;,&quot;469769242&quot;:[8226],&quot;469777803&quot;:&quot;left&quot;,&quot;469777804&quot;:&quot;\uf0b7&quot;,&quot;469777815&quot;:&quot;hybridMultilevel&quot;}\" data-aria-posinset=\"2\" data-aria-level=\"1\"><strong>Elles ont cartographi\u00e9 leur calendrier annuel pour anticiper les formats.\u00a0<\/strong><\/li><\/ul><ul><li aria-setsize=\"-1\" data-leveltext=\"\uf0b7\" data-font=\"Symbol\" data-listid=\"67\" data-list-defn-props=\"{&quot;335552541&quot;:1,&quot;335559685&quot;:720,&quot;335559991&quot;:360,&quot;469769226&quot;:&quot;Symbol&quot;,&quot;469769242&quot;:[8226],&quot;469777803&quot;:&quot;left&quot;,&quot;469777804&quot;:&quot;\uf0b7&quot;,&quot;469777815&quot;:&quot;hybridMultilevel&quot;}\" data-aria-posinset=\"3\" data-aria-level=\"1\"><strong>Elles traitent leur stand comme un actif \u00e0 g\u00e9rer, pas comme une d\u00e9pense ponctuelle.\u00a0<\/strong><\/li><\/ul><ul><li aria-setsize=\"-1\" data-leveltext=\"\uf0b7\" data-font=\"Symbol\" data-listid=\"67\" data-list-defn-props=\"{&quot;335552541&quot;:1,&quot;335559685&quot;:720,&quot;335559991&quot;:360,&quot;469769226&quot;:&quot;Symbol&quot;,&quot;469769242&quot;:[8226],&quot;469777803&quot;:&quot;left&quot;,&quot;469777804&quot;:&quot;\uf0b7&quot;,&quot;469777815&quot;:&quot;hybridMultilevel&quot;}\" data-aria-posinset=\"4\" data-aria-level=\"1\"><strong>Et elles ont choisi un dispositif suffisamment qualitatif pour que la perception de marque ne se d\u00e9grade pas au fil des r\u00e9utilisations.\u00a0<\/strong><\/li><\/ul>\n<\/div>\n<\/div><\/div>\n<\/div><\/div>\n<\/section><section class=\"bde-section-5355-563 bde-section\">\n  \n  \n\t\n\n\n\n<div class=\"section-container\"><div class=\"bde-columns-5355-564 bde-columns\"><div class=\"bde-column-5355-565 bde-column\">\n  \n  \n\t\n\n\n\n<div class=\"bde-rich-text-5355-566 bde-rich-text breakdance-rich-text-styles\">\n<h2><span class=\"TextRun SCXW90112202 BCX0\" lang=\"FR-FR\" xml:lang=\"FR-FR\" data-contrast=\"none\"><span class=\"NormalTextRun SCXW90112202 BCX0\" data-ccp-parastyle=\"heading 2\">FAQ \u2013 <\/span><\/span><span style=\"color: #ffeda3;\">Stands modulaires <\/span><span class=\"TextRun SCXW90112202 BCX0\" lang=\"FR-FR\" xml:lang=\"FR-FR\" data-contrast=\"none\"><span class=\"NormalTextRun SCXW90112202 BCX0\" data-ccp-parastyle=\"heading 2\"><span class=\"TextRun SCXW99060440 BCX0\" lang=\"FR-FR\" xml:lang=\"FR-FR\" data-contrast=\"none\"><span class=\"NormalTextRun SCXW99060440 BCX0\" data-ccp-parastyle=\"heading 2\">et strat\u00e9gie multi-salons<\/span><\/span><\/span><\/span><\/h2>\n<\/div>\n<\/div><div class=\"bde-column-5355-567 bde-column\">\n  \n  \n\t\n\n\n\n<div class=\"bde-div-5355-568 bde-div\">\n  \n  \n\t\n\n\n\n<div class=\"bde-rich-text-5355-569 bde-rich-text breakdance-rich-text-styles\">\n<p>Dans cette <strong>FAQ<\/strong>, nous r\u00e9pondons aux questions les plus fr\u00e9quentes sur les <strong data-start=\"948\" data-end=\"982\">stands d\u2019exposition modulaires<\/strong> : leurs avantages, leur impact \u00e9cologique, leur facilit\u00e9 d\u2019installation et bien plus encore.<\/p>\n<\/div>\n<\/div>\n<\/div><\/div><div class=\"bde-frequently-asked-questions-5355-570 bde-frequently-asked-questions faq\">\n      <div class=\"bde-faq__item\">\n      <h3 class=\"bde-faq__title-tag\">\n       <button id=\"bde-faq-570-button-1\" aria-expanded=\"false\" aria-controls=\"bde-faq-570-1\" class=\"bde-faq__question js-faq-item\">\n          <span class=\"bde-faq__title\">Peut-on utiliser le m\u00eame stand modulaire sur plusieurs salons diff\u00e9rents ?<\/span>\n                           <div aria-hidden=\"true\" class=\"bde-faq__icon bde-faq__icon--inactive\">\n                                <svg xmlns=\"http:\/\/www.w3.org\/2000\/svg\" width=\"50\" height=\"50\" viewBox=\"0 0 50 50\">\r\n  <g id=\"Groupe_6788\" data-name=\"Groupe 6788\" transform=\"translate(-240 -3769)\">\r\n    <g id=\"Ellipse_429\" data-name=\"Ellipse 429\" transform=\"translate(290 3819) rotate(180)\" fill=\"none\" stroke=\"#fdf6f1\" stroke-width=\"1.5\">\r\n      <circle cx=\"25\" cy=\"25\" r=\"25\" stroke=\"none\"\/>\r\n      <circle cx=\"25\" cy=\"25\" r=\"24.25\" fill=\"none\"\/>\r\n    <\/g>\r\n    <g id=\"Groupe_6431\" data-name=\"Groupe 6431\" transform=\"translate(264.391 3785) rotate(45)\">\r\n      <path id=\"Trac\u00e9_10381\" data-name=\"Trac\u00e9 10381\" d=\"M9,0V9.038H0\" transform=\"translate(0 0)\" fill=\"none\" stroke=\"#fdf6f1\" stroke-linecap=\"round\" stroke-linejoin=\"round\" stroke-width=\"1.5\"\/>\r\n    <\/g>\r\n  <\/g>\r\n<\/svg>\n                            <\/div>\n         \t  <div aria-hidden=\"true\" class=\"bde-faq__icon bde-faq__icon--active\">\n                                <svg xmlns=\"http:\/\/www.w3.org\/2000\/svg\" width=\"50\" height=\"50\" viewBox=\"0 0 50 50\">\r\n  <g id=\"Groupe_6432\" data-name=\"Groupe 6432\" transform=\"translate(290 3819) rotate(180)\">\r\n    <g id=\"Ellipse_429\" data-name=\"Ellipse 429\" transform=\"translate(290 3819) rotate(180)\" fill=\"none\" stroke=\"#faf5f2\" stroke-width=\"1.5\">\r\n      <circle cx=\"25\" cy=\"25\" r=\"25\" stroke=\"none\"\/>\r\n      <circle cx=\"25\" cy=\"25\" r=\"24.25\" fill=\"none\"\/>\r\n    <\/g>\r\n    <g id=\"Groupe_6431\" data-name=\"Groupe 6431\" transform=\"translate(264.391 3785) rotate(45)\">\r\n      <path id=\"Trac\u00e9_10381\" data-name=\"Trac\u00e9 10381\" d=\"M9,0V9.038H0\" transform=\"translate(0 0)\" fill=\"none\" stroke=\"#faf5f2\" stroke-linecap=\"round\" stroke-linejoin=\"round\" stroke-width=\"1.5\"\/>\r\n    <\/g>\r\n  <\/g>\r\n<\/svg>\n                            <\/div>\n                  <\/button>\n      <\/h3>\n      <div role=\"region\" aria-labelledby=\"bde-faq-570-button-1\" id=\"bde-faq-570-1\" class=\"bde-faq__answer\">\n        <div class=\"bde-faq__answer-content\">\n            <div class=\"breakdance-rich-text-styles\"><p><span class=\"TextRun SCXW148115162 BCX0\" lang=\"FR-FR\" xml:lang=\"FR-FR\" data-contrast=\"auto\"><span class=\"NormalTextRun SCXW148115162 BCX0\">Oui. <strong>C'est pr\u00e9cis\u00e9ment la logique du stand modulaire<\/strong> : une m\u00eame structure de base se reconfigure selon la surface disponible, la configuration du stand (\u00eelot, lin\u00e9aire, angle) et les objectifs de chaque participation. L'identit\u00e9 visuelle reste coh\u00e9rente d'un salon \u00e0 l'autre, seule la disposition des modules change.<\/span><\/span><\/p><\/div>\n\n                    <\/div>\n      <\/div>\n    <\/div>\n      <div class=\"bde-faq__item\">\n      <h3 class=\"bde-faq__title-tag\">\n       <button id=\"bde-faq-570-button-2\" aria-expanded=\"false\" aria-controls=\"bde-faq-570-2\" class=\"bde-faq__question js-faq-item\">\n          <span class=\"bde-faq__title\">Comment calculer le ROI d'un stand modulaire sur plusieurs salons ?<\/span>\n                           <div aria-hidden=\"true\" class=\"bde-faq__icon bde-faq__icon--inactive\">\n                                <svg xmlns=\"http:\/\/www.w3.org\/2000\/svg\" width=\"50\" height=\"50\" viewBox=\"0 0 50 50\">\r\n  <g id=\"Groupe_6788\" data-name=\"Groupe 6788\" transform=\"translate(-240 -3769)\">\r\n    <g id=\"Ellipse_429\" data-name=\"Ellipse 429\" transform=\"translate(290 3819) rotate(180)\" fill=\"none\" stroke=\"#fdf6f1\" stroke-width=\"1.5\">\r\n      <circle cx=\"25\" cy=\"25\" r=\"25\" stroke=\"none\"\/>\r\n      <circle cx=\"25\" cy=\"25\" r=\"24.25\" fill=\"none\"\/>\r\n    <\/g>\r\n    <g id=\"Groupe_6431\" data-name=\"Groupe 6431\" transform=\"translate(264.391 3785) rotate(45)\">\r\n      <path id=\"Trac\u00e9_10381\" data-name=\"Trac\u00e9 10381\" d=\"M9,0V9.038H0\" transform=\"translate(0 0)\" fill=\"none\" stroke=\"#fdf6f1\" stroke-linecap=\"round\" stroke-linejoin=\"round\" stroke-width=\"1.5\"\/>\r\n    <\/g>\r\n  <\/g>\r\n<\/svg>\n                            <\/div>\n         \t  <div aria-hidden=\"true\" class=\"bde-faq__icon bde-faq__icon--active\">\n                                <svg xmlns=\"http:\/\/www.w3.org\/2000\/svg\" width=\"50\" height=\"50\" viewBox=\"0 0 50 50\">\r\n  <g id=\"Groupe_6432\" data-name=\"Groupe 6432\" transform=\"translate(290 3819) rotate(180)\">\r\n    <g id=\"Ellipse_429\" data-name=\"Ellipse 429\" transform=\"translate(290 3819) rotate(180)\" fill=\"none\" stroke=\"#faf5f2\" stroke-width=\"1.5\">\r\n      <circle cx=\"25\" cy=\"25\" r=\"25\" stroke=\"none\"\/>\r\n      <circle cx=\"25\" cy=\"25\" r=\"24.25\" fill=\"none\"\/>\r\n    <\/g>\r\n    <g id=\"Groupe_6431\" data-name=\"Groupe 6431\" transform=\"translate(264.391 3785) rotate(45)\">\r\n      <path id=\"Trac\u00e9_10381\" data-name=\"Trac\u00e9 10381\" d=\"M9,0V9.038H0\" transform=\"translate(0 0)\" fill=\"none\" stroke=\"#faf5f2\" stroke-linecap=\"round\" stroke-linejoin=\"round\" stroke-width=\"1.5\"\/>\r\n    <\/g>\r\n  <\/g>\r\n<\/svg>\n                            <\/div>\n                  <\/button>\n      <\/h3>\n      <div role=\"region\" aria-labelledby=\"bde-faq-570-button-2\" id=\"bde-faq-570-2\" class=\"bde-faq__answer\">\n        <div class=\"bde-faq__answer-content\">\n            <div class=\"breakdance-rich-text-styles\"><p><span class=\"TextRun SCXW135313728 BCX0\" lang=\"FR-FR\" xml:lang=\"FR-FR\" data-contrast=\"auto\"><span class=\"NormalTextRun SCXW135313728 BCX0\">Le bon indicateur n'est pas le budget initial, c'est le co\u00fbt par salon sur la dur\u00e9e de vie du dispositif. <strong>Un stand modulaire premium utilis\u00e9 sur 4 salons par an pendant 5 ans s'amortit sur 20 participations<\/strong>. En y ajoutant les \u00e9conomies sur le transport, le montage et la cr\u00e9ation graphique partielle, le ROI r\u00e9el est sensiblement meilleur que celui d'une construction renouvel\u00e9e \u00e0 chaque participation.<\/span><\/span><\/p><\/div>\n\n                    <\/div>\n      <\/div>\n    <\/div>\n      <div class=\"bde-faq__item\">\n      <h3 class=\"bde-faq__title-tag\">\n       <button id=\"bde-faq-570-button-3\" aria-expanded=\"false\" aria-controls=\"bde-faq-570-3\" class=\"bde-faq__question js-faq-item\">\n          <span class=\"bde-faq__title\">Quelle est la meilleure configuration de stand modulaire pour une strat\u00e9gie multi-salons ?<\/span>\n                           <div aria-hidden=\"true\" class=\"bde-faq__icon bde-faq__icon--inactive\">\n                                <svg xmlns=\"http:\/\/www.w3.org\/2000\/svg\" width=\"50\" height=\"50\" viewBox=\"0 0 50 50\">\r\n  <g id=\"Groupe_6788\" data-name=\"Groupe 6788\" transform=\"translate(-240 -3769)\">\r\n    <g id=\"Ellipse_429\" data-name=\"Ellipse 429\" transform=\"translate(290 3819) rotate(180)\" fill=\"none\" stroke=\"#fdf6f1\" stroke-width=\"1.5\">\r\n      <circle cx=\"25\" cy=\"25\" r=\"25\" stroke=\"none\"\/>\r\n      <circle cx=\"25\" cy=\"25\" r=\"24.25\" fill=\"none\"\/>\r\n    <\/g>\r\n    <g id=\"Groupe_6431\" data-name=\"Groupe 6431\" transform=\"translate(264.391 3785) rotate(45)\">\r\n      <path id=\"Trac\u00e9_10381\" data-name=\"Trac\u00e9 10381\" d=\"M9,0V9.038H0\" transform=\"translate(0 0)\" fill=\"none\" stroke=\"#fdf6f1\" stroke-linecap=\"round\" stroke-linejoin=\"round\" stroke-width=\"1.5\"\/>\r\n    <\/g>\r\n  <\/g>\r\n<\/svg>\n                            <\/div>\n         \t  <div aria-hidden=\"true\" class=\"bde-faq__icon bde-faq__icon--active\">\n                                <svg xmlns=\"http:\/\/www.w3.org\/2000\/svg\" width=\"50\" height=\"50\" viewBox=\"0 0 50 50\">\r\n  <g id=\"Groupe_6432\" data-name=\"Groupe 6432\" transform=\"translate(290 3819) rotate(180)\">\r\n    <g id=\"Ellipse_429\" data-name=\"Ellipse 429\" transform=\"translate(290 3819) rotate(180)\" fill=\"none\" stroke=\"#faf5f2\" stroke-width=\"1.5\">\r\n      <circle cx=\"25\" cy=\"25\" r=\"25\" stroke=\"none\"\/>\r\n      <circle cx=\"25\" cy=\"25\" r=\"24.25\" fill=\"none\"\/>\r\n    <\/g>\r\n    <g id=\"Groupe_6431\" data-name=\"Groupe 6431\" transform=\"translate(264.391 3785) rotate(45)\">\r\n      <path id=\"Trac\u00e9_10381\" data-name=\"Trac\u00e9 10381\" d=\"M9,0V9.038H0\" transform=\"translate(0 0)\" fill=\"none\" stroke=\"#faf5f2\" stroke-linecap=\"round\" stroke-linejoin=\"round\" stroke-width=\"1.5\"\/>\r\n    <\/g>\r\n  <\/g>\r\n<\/svg>\n                            <\/div>\n                  <\/button>\n      <\/h3>\n      <div role=\"region\" aria-labelledby=\"bde-faq-570-button-3\" id=\"bde-faq-570-3\" class=\"bde-faq__answer\">\n        <div class=\"bde-faq__answer-content\">\n            <div class=\"breakdance-rich-text-styles\"><p data-start=\"1150\" data-end=\"1294\"><span class=\"TextRun SCXW211159193 BCX0\" lang=\"FR-FR\" xml:lang=\"FR-FR\" data-contrast=\"auto\"><span class=\"NormalTextRun SCXW211159193 BCX0\"><strong>La configuration de r\u00e9f\u00e9rence doit \u00eatre dimensionn\u00e9e pour la surface maximale de la saison<\/strong>, pas pour la surface m\u00e9diane. \u00c0 partir de cette base, toutes les d\u00e9clinaisons sur des formats plus compacts sont des adaptations. L'erreur classique est de sous-dimensionner pour r\u00e9duire l'investissement initial, puis de se retrouver limit\u00e9 sur les salons strat\u00e9giques.<\/span><\/span><\/p><\/div>\n\n                    <\/div>\n      <\/div>\n    <\/div>\n      <div class=\"bde-faq__item\">\n      <h3 class=\"bde-faq__title-tag\">\n       <button id=\"bde-faq-570-button-4\" aria-expanded=\"false\" aria-controls=\"bde-faq-570-4\" class=\"bde-faq__question js-faq-item\">\n          <span class=\"bde-faq__title\">Quelles gammes de stands modulaires existent pour une strat\u00e9gie multi-salons ?<\/span>\n                           <div aria-hidden=\"true\" class=\"bde-faq__icon bde-faq__icon--inactive\">\n                                <svg xmlns=\"http:\/\/www.w3.org\/2000\/svg\" width=\"50\" height=\"50\" viewBox=\"0 0 50 50\">\r\n  <g id=\"Groupe_6788\" data-name=\"Groupe 6788\" transform=\"translate(-240 -3769)\">\r\n    <g id=\"Ellipse_429\" data-name=\"Ellipse 429\" transform=\"translate(290 3819) rotate(180)\" fill=\"none\" stroke=\"#fdf6f1\" stroke-width=\"1.5\">\r\n      <circle cx=\"25\" cy=\"25\" r=\"25\" stroke=\"none\"\/>\r\n      <circle cx=\"25\" cy=\"25\" r=\"24.25\" fill=\"none\"\/>\r\n    <\/g>\r\n    <g id=\"Groupe_6431\" data-name=\"Groupe 6431\" transform=\"translate(264.391 3785) rotate(45)\">\r\n      <path id=\"Trac\u00e9_10381\" data-name=\"Trac\u00e9 10381\" d=\"M9,0V9.038H0\" transform=\"translate(0 0)\" fill=\"none\" stroke=\"#fdf6f1\" stroke-linecap=\"round\" stroke-linejoin=\"round\" stroke-width=\"1.5\"\/>\r\n    <\/g>\r\n  <\/g>\r\n<\/svg>\n                            <\/div>\n         \t  <div aria-hidden=\"true\" class=\"bde-faq__icon bde-faq__icon--active\">\n                                <svg xmlns=\"http:\/\/www.w3.org\/2000\/svg\" width=\"50\" height=\"50\" viewBox=\"0 0 50 50\">\r\n  <g id=\"Groupe_6432\" data-name=\"Groupe 6432\" transform=\"translate(290 3819) rotate(180)\">\r\n    <g id=\"Ellipse_429\" data-name=\"Ellipse 429\" transform=\"translate(290 3819) rotate(180)\" fill=\"none\" stroke=\"#faf5f2\" stroke-width=\"1.5\">\r\n      <circle cx=\"25\" cy=\"25\" r=\"25\" stroke=\"none\"\/>\r\n      <circle cx=\"25\" cy=\"25\" r=\"24.25\" fill=\"none\"\/>\r\n    <\/g>\r\n    <g id=\"Groupe_6431\" data-name=\"Groupe 6431\" transform=\"translate(264.391 3785) rotate(45)\">\r\n      <path id=\"Trac\u00e9_10381\" data-name=\"Trac\u00e9 10381\" d=\"M9,0V9.038H0\" transform=\"translate(0 0)\" fill=\"none\" stroke=\"#faf5f2\" stroke-linecap=\"round\" stroke-linejoin=\"round\" stroke-width=\"1.5\"\/>\r\n    <\/g>\r\n  <\/g>\r\n<\/svg>\n                            <\/div>\n                  <\/button>\n      <\/h3>\n      <div role=\"region\" aria-labelledby=\"bde-faq-570-button-4\" id=\"bde-faq-570-4\" class=\"bde-faq__answer\">\n        <div class=\"bde-faq__answer-content\">\n            <div class=\"breakdance-rich-text-styles\"><p data-start=\"1970\" data-end=\"2071\"><span class=\"TextRun SCXW62746715 BCX0\" lang=\"FR-FR\" xml:lang=\"FR-FR\" data-contrast=\"auto\"><span class=\"NormalTextRun SCXW62746715 BCX0\">Le Stand Modulaire propose trois gammes adapt\u00e9es \u00e0 diff\u00e9rents besoins et budgets :\u00a0<\/span><\/span><\/p><p data-start=\"1970\" data-end=\"2071\"><span class=\"TextRun SCXW62746715 BCX0\" lang=\"FR-FR\" xml:lang=\"FR-FR\" data-contrast=\"auto\"><strong><span class=\"NormalTextRun SpellingErrorV2Themed SCXW62746715 BCX0\">EcoMod<\/span><\/strong><span class=\"NormalTextRun SCXW62746715 BCX0\">\u00a0pour les formats compacts et les budgets ma\u00eetris\u00e9s,\u00a0<\/span><strong><span class=\"NormalTextRun SpellingErrorV2Themed SCXW62746715 BCX0\">FlexiMod<\/span><\/strong><span class=\"NormalTextRun SCXW62746715 BCX0\">\u00a0pour les configurations \u00e9volutives avec un ROI rapide, et\u00a0<\/span><strong><span class=\"NormalTextRun SpellingErrorV2Themed SCXW62746715 BCX0\">PremiumMod<\/span><\/strong><span class=\"NormalTextRun SCXW62746715 BCX0\">\u00a0pour les dispositifs hybrides combinant modularit\u00e9 et finitions haut de gamme. Chaque gamme est con\u00e7ue pour \u00eatre r\u00e9utilis\u00e9e sur plusieurs ann\u00e9es.<\/span><\/span><span class=\"EOP SCXW62746715 BCX0\" data-ccp-props=\"{&quot;134233117&quot;:false,&quot;134233118&quot;:false,&quot;335559738&quot;:240,&quot;335559739&quot;:240}\">\u00a0<\/span><\/p><\/div>\n\n                    <\/div>\n      <\/div>\n    <\/div>\n  \n<\/div><\/div>\n<\/section><section class=\"bde-section-5355-347 bde-section\">\n  \n  \n\t\n\n\n\n<div class=\"section-container\"><div class=\"bde-div-5355-348 bde-div\">\n  \n  \n\t\n\n\n\n<h2 class=\"bde-heading-5355-349 bde-heading\">\nCes articles peuvent <br>vous int\u00e9resser\n<\/h2><div class=\"bde-post-loop-5355-350 bde-post-loop\"><div class=\"breakdance-swiper-wrapper\" data-swiper-id=\"350\"><div class=\"swiper\"><div class=\"bde-loop bde-loop-slider ee-posts ee-posts-slider swiper-wrapper\">    <article class=\"bde-loop-item ee-post swiper-slide\">\n        <div class='breakdance'><a class=\"bde-container-link-2898-107-5334-2898-1 bde-container-link bde-container-link-2898-107 breakdance-link\" href=\"https:\/\/www.lestandmodulaire.com\/en\/stand-modulaire-eco-responsable-comment-reduire-empreinte-carbone-salons\/\" target=\"_self\" data-type=\"url\">\n  \n  \n\t\n\n\n\n<div class=\"bde-div-2898-108-5334-2898-1 bde-div bde-div-2898-108\">\n  \n  \n\t\n\n\n\n<div class=\"bde-div-2898-109-5334-2898-1 bde-div bde-div-2898-109\">\n  \n  \n\t\n\n\n\n<img decoding=\"async\" class=\"bde-image2-2898-110-5334-2898-1 bde-image2 bde-image2-2898-110\" src=\"https:\/\/www.lestandmodulaire.com\/wp-content\/uploads\/2026\/03\/le-stand-modulaire-realisation-dsm-fiermenish-cfia-21m\u00b2-2026-02.jpg\" alt=\"Stand modulaire DSM Fiermenish de 32 m\u00b2 au salon CFIA 2026 vue de c\u00f4t\u00e9\" loading=\"lazy\" srcset=\"https:\/\/www.lestandmodulaire.com\/wp-content\/uploads\/2026\/03\/le-stand-modulaire-realisation-dsm-fiermenish-cfia-21m\u00b2-2026-02.jpg 2048w, https:\/\/www.lestandmodulaire.com\/wp-content\/uploads\/2026\/03\/le-stand-modulaire-realisation-dsm-fiermenish-cfia-21m\u00b2-2026-02-300x200.jpg 300w, https:\/\/www.lestandmodulaire.com\/wp-content\/uploads\/2026\/03\/le-stand-modulaire-realisation-dsm-fiermenish-cfia-21m\u00b2-2026-02-1024x683.jpg 1024w, https:\/\/www.lestandmodulaire.com\/wp-content\/uploads\/2026\/03\/le-stand-modulaire-realisation-dsm-fiermenish-cfia-21m\u00b2-2026-02-768x512.jpg 768w, https:\/\/www.lestandmodulaire.com\/wp-content\/uploads\/2026\/03\/le-stand-modulaire-realisation-dsm-fiermenish-cfia-21m\u00b2-2026-02-1536x1024.jpg 1536w, https:\/\/www.lestandmodulaire.com\/wp-content\/uploads\/2026\/03\/le-stand-modulaire-realisation-dsm-fiermenish-cfia-21m\u00b2-2026-02-18x12.jpg 18w\" sizes=\"(max-width: 2048px) 100vw, 2048px\">\n<\/div><div class=\"bde-div-2898-111-5334-2898-1 bde-div bde-div-2898-111\">\n  \n  \n\t\n\n\n\n<div class=\"bde-div-2898-112-5334-2898-1 bde-div block-realisation-post-meta bde-div-2898-112\">\n  \n  \n\t\n\n\n\n<ul class=\"bde-post-meta-2898-129-5334-2898-1 bde-post-meta bde-post-meta-2898-129\"><li class=\"ee-postmeta-terms-wrap\"><span class=\"ee-postmeta-term\">Tips<\/span><\/li><\/ul>\n<\/div>\n<\/div><div class=\"bde-div-2898-118-5334-2898-1 bde-div bde-div-2898-118\">\n  \n  \n\t\n\n\n\n<ul class=\"bde-post-meta-2898-119-5334-2898-1 bde-post-meta bde-post-meta-2898-119\"><li class=\"ee-postmeta-terms-wrap\"><span class=\"ee-postmeta-term\">Tips<\/span><\/li>            <li class=\"ee-postmeta-date-wrap\">\n                                                        <span class=\"ee-postmeta-date\">10 March 2026<\/span>\n                                <\/li>\n            <\/ul><div class=\"bde-div-2898-128-5334-2898-1 bde-div bde-div-2898-128\">\n  \n  \n\t\n\n\n\n<h3 class=\"bde-heading-2898-120-5334-2898-1 bde-heading bde-heading-2898-120\">Stand modulaire \u00e9co-responsable : comment r\u00e9duire l&#8217;empreinte carbone de vos salons ?<\/h3><div class=\"bde-code-block-2898-126-5334-2898-1 bde-code-block bde-code-block-2898-126\">\n\n  <p class=\"custom-excerpt\">Un stand modulaire r\u00e9duit l'empreinte carbone d'une participation salon en limitant la production de d\u00e9chets, en optimisant le transport et...<\/p>\t\n\n\n<\/div><div class=\"bde-div-2898-124-5334-2898-1 bde-div bde-div-2898-124\">\n  \n  \n\t\n\n\n\n<div class=\"bde-text-2898-123-5334-2898-1 bde-text bde-text-2898-123\">\nLire la suite\n<\/div><div class=\"bde-icon-2898-125-5334-2898-1 bde-icon bde-icon-2898-125\">\n\n    \n            <div class=\"bde-icon-icon breakdance-icon-atom\" >\n    \n                    <svg xmlns=\"http:\/\/www.w3.org\/2000\/svg\" viewBox=\"0 0 448 512\"><!--! Font Awesome Pro 6.7.2 by @fontawesome - https:\/\/fontawesome.com License - https:\/\/fontawesome.com\/license (Commercial License) Copyright 2024 Fonticons, Inc. --><path d=\"M443.3 267.3c6.2-6.2 6.2-16.4 0-22.6l-176-176c-6.2-6.2-16.4-6.2-22.6 0s-6.2 16.4 0 22.6L393.4 240 16 240c-8.8 0-16 7.2-16 16s7.2 16 16 16l377.4 0L244.7 420.7c-6.2 6.2-6.2 16.4 0 22.6s16.4 6.2 22.6 0l176-176z\"\/><\/svg>\n        \n        \n        \n            <\/div>\n    \n\n\n<\/div>\n<\/div>\n<\/div>\n<\/div>\n<\/div>\n\n<\/a><\/div>    <\/article>\n    <article class=\"bde-loop-item ee-post swiper-slide\">\n        <div class='breakdance'><a class=\"bde-container-link-2898-107-5315-2898-1 bde-container-link bde-container-link-2898-107 breakdance-link\" href=\"https:\/\/www.lestandmodulaire.com\/en\/comment-concevoir-un-stand-moduaire-impactant-et-personalise\/\" target=\"_self\" data-type=\"url\">\n  \n  \n\t\n\n\n\n<div class=\"bde-div-2898-108-5315-2898-1 bde-div bde-div-2898-108\">\n  \n  \n\t\n\n\n\n<div class=\"bde-div-2898-109-5315-2898-1 bde-div bde-div-2898-109\">\n  \n  \n\t\n\n\n\n<img decoding=\"async\" class=\"bde-image2-2898-110-5315-2898-1 bde-image2 bde-image2-2898-110\" src=\"https:\/\/www.lestandmodulaire.com\/wp-content\/uploads\/2026\/03\/le-stand-modulaire-realisation-work-with-island-workspace-91m\u00b2-2026-05.jpg\" alt=\"Stand modulaire Work With Island de 91 m\u00b2 au salon Workspace 2026 vue de c\u00f4t\u00e9\" loading=\"lazy\" srcset=\"https:\/\/www.lestandmodulaire.com\/wp-content\/uploads\/2026\/03\/le-stand-modulaire-realisation-work-with-island-workspace-91m\u00b2-2026-05.jpg 1250w, https:\/\/www.lestandmodulaire.com\/wp-content\/uploads\/2026\/03\/le-stand-modulaire-realisation-work-with-island-workspace-91m\u00b2-2026-05-300x216.jpg 300w, https:\/\/www.lestandmodulaire.com\/wp-content\/uploads\/2026\/03\/le-stand-modulaire-realisation-work-with-island-workspace-91m\u00b2-2026-05-1024x737.jpg 1024w, https:\/\/www.lestandmodulaire.com\/wp-content\/uploads\/2026\/03\/le-stand-modulaire-realisation-work-with-island-workspace-91m\u00b2-2026-05-768x553.jpg 768w, https:\/\/www.lestandmodulaire.com\/wp-content\/uploads\/2026\/03\/le-stand-modulaire-realisation-work-with-island-workspace-91m\u00b2-2026-05-18x12.jpg 18w\" sizes=\"(max-width: 1250px) 100vw, 1250px\">\n<\/div><div class=\"bde-div-2898-111-5315-2898-1 bde-div bde-div-2898-111\">\n  \n  \n\t\n\n\n\n<div class=\"bde-div-2898-112-5315-2898-1 bde-div block-realisation-post-meta bde-div-2898-112\">\n  \n  \n\t\n\n\n\n<ul class=\"bde-post-meta-2898-129-5315-2898-1 bde-post-meta bde-post-meta-2898-129\"><li class=\"ee-postmeta-terms-wrap\"><span class=\"ee-postmeta-term\">Tips<\/span><\/li><\/ul>\n<\/div>\n<\/div><div class=\"bde-div-2898-118-5315-2898-1 bde-div bde-div-2898-118\">\n  \n  \n\t\n\n\n\n<ul class=\"bde-post-meta-2898-119-5315-2898-1 bde-post-meta bde-post-meta-2898-119\"><li class=\"ee-postmeta-terms-wrap\"><span class=\"ee-postmeta-term\">Tips<\/span><\/li>            <li class=\"ee-postmeta-date-wrap\">\n                                                        <span class=\"ee-postmeta-date\">17 February 2026<\/span>\n                                <\/li>\n            <\/ul><div class=\"bde-div-2898-128-5315-2898-1 bde-div bde-div-2898-128\">\n  \n  \n\t\n\n\n\n<h3 class=\"bde-heading-2898-120-5315-2898-1 bde-heading bde-heading-2898-120\">Comment concevoir un stand modulaire impactant et personnalis\u00e9 ?<\/h3><div class=\"bde-code-block-2898-126-5315-2898-1 bde-code-block bde-code-block-2898-126\">\n\n  <p class=\"custom-excerpt\">Un stand modulaire est une structure d\u2019exposition compos\u00e9e d\u2019\u00e9l\u00e9ments r\u00e9utilisables et reconfigurables permettant d\u2019adapter un m\u00eame dispositif \u00e0 diff\u00e9rentes surfaces...<\/p>\t\n\n\n<\/div><div class=\"bde-div-2898-124-5315-2898-1 bde-div bde-div-2898-124\">\n  \n  \n\t\n\n\n\n<div class=\"bde-text-2898-123-5315-2898-1 bde-text bde-text-2898-123\">\nLire la suite\n<\/div><div class=\"bde-icon-2898-125-5315-2898-1 bde-icon bde-icon-2898-125\">\n\n    \n            <div class=\"bde-icon-icon breakdance-icon-atom\" >\n    \n                    <svg xmlns=\"http:\/\/www.w3.org\/2000\/svg\" viewBox=\"0 0 448 512\"><!--! Font Awesome Pro 6.7.2 by @fontawesome - https:\/\/fontawesome.com License - https:\/\/fontawesome.com\/license (Commercial License) Copyright 2024 Fonticons, Inc. --><path d=\"M443.3 267.3c6.2-6.2 6.2-16.4 0-22.6l-176-176c-6.2-6.2-16.4-6.2-22.6 0s-6.2 16.4 0 22.6L393.4 240 16 240c-8.8 0-16 7.2-16 16s7.2 16 16 16l377.4 0L244.7 420.7c-6.2 6.2-6.2 16.4 0 22.6s16.4 6.2 22.6 0l176-176z\"\/><\/svg>\n        \n        \n        \n            <\/div>\n    \n\n\n<\/div>\n<\/div>\n<\/div>\n<\/div>\n<\/div>\n\n<\/a><\/div>    <\/article>\n    <article class=\"bde-loop-item ee-post swiper-slide\">\n        <div class='breakdance'><a class=\"bde-container-link-2898-107-5258-2898-1 bde-container-link bde-container-link-2898-107 breakdance-link\" href=\"https:\/\/www.lestandmodulaire.com\/en\/stand-modulaire-en-2026-comment-concilier-image-premium-flexibilite-et-rentabilite\/\" target=\"_self\" data-type=\"url\">\n  \n  \n\t\n\n\n\n<div class=\"bde-div-2898-108-5258-2898-1 bde-div bde-div-2898-108\">\n  \n  \n\t\n\n\n\n<div class=\"bde-div-2898-109-5258-2898-1 bde-div bde-div-2898-109\">\n  \n  \n\t\n\n\n\n<img decoding=\"async\" class=\"bde-image2-2898-110-5258-2898-1 bde-image2 bde-image2-2898-110\" src=\"https:\/\/www.lestandmodulaire.com\/wp-content\/uploads\/2026\/02\/le-stand-modulaire-realisation-endresshauser-hyvolution-48m2-2026-01.jpg\" alt=\"Stand modulaire Endress+Hauser de 48 m\u00b2 au salon Hyvolution 2026 vue de c\u00f4t\u00e9\" loading=\"lazy\" srcset=\"https:\/\/www.lestandmodulaire.com\/wp-content\/uploads\/2026\/02\/le-stand-modulaire-realisation-endresshauser-hyvolution-48m2-2026-01.jpg 1250w, https:\/\/www.lestandmodulaire.com\/wp-content\/uploads\/2026\/02\/le-stand-modulaire-realisation-endresshauser-hyvolution-48m2-2026-01-300x216.jpg 300w, https:\/\/www.lestandmodulaire.com\/wp-content\/uploads\/2026\/02\/le-stand-modulaire-realisation-endresshauser-hyvolution-48m2-2026-01-1024x737.jpg 1024w, https:\/\/www.lestandmodulaire.com\/wp-content\/uploads\/2026\/02\/le-stand-modulaire-realisation-endresshauser-hyvolution-48m2-2026-01-768x553.jpg 768w, https:\/\/www.lestandmodulaire.com\/wp-content\/uploads\/2026\/02\/le-stand-modulaire-realisation-endresshauser-hyvolution-48m2-2026-01-18x12.jpg 18w\" sizes=\"(max-width: 1250px) 100vw, 1250px\">\n<\/div><div class=\"bde-div-2898-111-5258-2898-1 bde-div bde-div-2898-111\">\n  \n  \n\t\n\n\n\n<div class=\"bde-div-2898-112-5258-2898-1 bde-div block-realisation-post-meta bde-div-2898-112\">\n  \n  \n\t\n\n\n\n<ul class=\"bde-post-meta-2898-129-5258-2898-1 bde-post-meta bde-post-meta-2898-129\"><li class=\"ee-postmeta-terms-wrap\"><span class=\"ee-postmeta-term\">Tips<\/span><\/li><\/ul>\n<\/div>\n<\/div><div class=\"bde-div-2898-118-5258-2898-1 bde-div bde-div-2898-118\">\n  \n  \n\t\n\n\n\n<ul class=\"bde-post-meta-2898-119-5258-2898-1 bde-post-meta bde-post-meta-2898-119\"><li class=\"ee-postmeta-terms-wrap\"><span class=\"ee-postmeta-term\">Tips<\/span><\/li>            <li class=\"ee-postmeta-date-wrap\">\n                                                        <span class=\"ee-postmeta-date\">13 January 2026<\/span>\n                                <\/li>\n            <\/ul><div class=\"bde-div-2898-128-5258-2898-1 bde-div bde-div-2898-128\">\n  \n  \n\t\n\n\n\n<h3 class=\"bde-heading-2898-120-5258-2898-1 bde-heading bde-heading-2898-120\">Stand modulaire en 2026 : comment concilier image premium, flexibilit\u00e9 et rentabilit\u00e9 ?<\/h3><div class=\"bde-code-block-2898-126-5258-2898-1 bde-code-block bde-code-block-2898-126\">\n\n  <p class=\"custom-excerpt\">En 2026, le modulaire n\u2019est plus per\u00e7u comme une solution alternative ou \u00e9conomique. Il est devenu un outil strat\u00e9gique \u00e0...<\/p>\t\n\n\n<\/div><div class=\"bde-div-2898-124-5258-2898-1 bde-div bde-div-2898-124\">\n  \n  \n\t\n\n\n\n<div class=\"bde-text-2898-123-5258-2898-1 bde-text bde-text-2898-123\">\nLire la suite\n<\/div><div class=\"bde-icon-2898-125-5258-2898-1 bde-icon bde-icon-2898-125\">\n\n    \n            <div class=\"bde-icon-icon breakdance-icon-atom\" >\n    \n                    <svg xmlns=\"http:\/\/www.w3.org\/2000\/svg\" viewBox=\"0 0 448 512\"><!--! Font Awesome Pro 6.7.2 by @fontawesome - https:\/\/fontawesome.com License - https:\/\/fontawesome.com\/license (Commercial License) Copyright 2024 Fonticons, Inc. --><path d=\"M443.3 267.3c6.2-6.2 6.2-16.4 0-22.6l-176-176c-6.2-6.2-16.4-6.2-22.6 0s-6.2 16.4 0 22.6L393.4 240 16 240c-8.8 0-16 7.2-16 16s7.2 16 16 16l377.4 0L244.7 420.7c-6.2 6.2-6.2 16.4 0 22.6s16.4 6.2 22.6 0l176-176z\"\/><\/svg>\n        \n        \n        \n            <\/div>\n    \n\n\n<\/div>\n<\/div>\n<\/div>\n<\/div>\n<\/div>\n\n<\/a><\/div>    <\/article>\n    <article class=\"bde-loop-item ee-post swiper-slide\">\n        <div class='breakdance'><a class=\"bde-container-link-2898-107-5246-2898-1 bde-container-link bde-container-link-2898-107 breakdance-link\" href=\"https:\/\/www.lestandmodulaire.com\/en\/marche-dy-stand-exposition-pourquoi-le-modulaire-devient-strategique\/\" target=\"_self\" data-type=\"url\">\n  \n  \n\t\n\n\n\n<div class=\"bde-div-2898-108-5246-2898-1 bde-div bde-div-2898-108\">\n  \n  \n\t\n\n\n\n<div class=\"bde-div-2898-109-5246-2898-1 bde-div bde-div-2898-109\">\n  \n  \n\t\n\n\n\n<img decoding=\"async\" class=\"bde-image2-2898-110-5246-2898-1 bde-image2 bde-image2-2898-110\" src=\"https:\/\/www.lestandmodulaire.com\/wp-content\/uploads\/2025\/12\/le-stand-modulaire-article-marche-stand-modulaire-2026-01.jpg\" alt=\"Hall d&#039;un salon professionnel\" loading=\"lazy\" srcset=\"https:\/\/www.lestandmodulaire.com\/wp-content\/uploads\/2025\/12\/le-stand-modulaire-article-marche-stand-modulaire-2026-01.jpg 1920w, https:\/\/www.lestandmodulaire.com\/wp-content\/uploads\/2025\/12\/le-stand-modulaire-article-marche-stand-modulaire-2026-01-300x169.jpg 300w, https:\/\/www.lestandmodulaire.com\/wp-content\/uploads\/2025\/12\/le-stand-modulaire-article-marche-stand-modulaire-2026-01-1024x576.jpg 1024w, https:\/\/www.lestandmodulaire.com\/wp-content\/uploads\/2025\/12\/le-stand-modulaire-article-marche-stand-modulaire-2026-01-768x432.jpg 768w, https:\/\/www.lestandmodulaire.com\/wp-content\/uploads\/2025\/12\/le-stand-modulaire-article-marche-stand-modulaire-2026-01-1536x864.jpg 1536w, https:\/\/www.lestandmodulaire.com\/wp-content\/uploads\/2025\/12\/le-stand-modulaire-article-marche-stand-modulaire-2026-01-18x10.jpg 18w\" sizes=\"(max-width: 1920px) 100vw, 1920px\">\n<\/div><div class=\"bde-div-2898-111-5246-2898-1 bde-div bde-div-2898-111\">\n  \n  \n\t\n\n\n\n<div class=\"bde-div-2898-112-5246-2898-1 bde-div block-realisation-post-meta bde-div-2898-112\">\n  \n  \n\t\n\n\n\n<ul class=\"bde-post-meta-2898-129-5246-2898-1 bde-post-meta bde-post-meta-2898-129\"><li class=\"ee-postmeta-terms-wrap\"><span class=\"ee-postmeta-term\">Tendances<\/span><\/li><\/ul>\n<\/div>\n<\/div><div class=\"bde-div-2898-118-5246-2898-1 bde-div bde-div-2898-118\">\n  \n  \n\t\n\n\n\n<ul class=\"bde-post-meta-2898-119-5246-2898-1 bde-post-meta bde-post-meta-2898-119\"><li class=\"ee-postmeta-terms-wrap\"><span class=\"ee-postmeta-term\">Tendances<\/span><\/li>            <li class=\"ee-postmeta-date-wrap\">\n                                                        <span class=\"ee-postmeta-date\">18 December 2025<\/span>\n                                <\/li>\n            <\/ul><div class=\"bde-div-2898-128-5246-2898-1 bde-div bde-div-2898-128\">\n  \n  \n\t\n\n\n\n<h3 class=\"bde-heading-2898-120-5246-2898-1 bde-heading bde-heading-2898-120\">Le march\u00e9 du stand d\u2019exposition en pleine mutation : pourquoi le modulaire devient strat\u00e9gique ?<\/h3><div class=\"bde-code-block-2898-126-5246-2898-1 bde-code-block bde-code-block-2898-126\">\n\n  <p class=\"custom-excerpt\">Le stand modulaire devient strat\u00e9gique lorsque l\u2019entreprise participe \u00e0 plusieurs salons dans l\u2019ann\u00e9e. Il permet de r\u00e9duire les co\u00fbts sur...<\/p>\t\n\n\n<\/div><div class=\"bde-div-2898-124-5246-2898-1 bde-div bde-div-2898-124\">\n  \n  \n\t\n\n\n\n<div class=\"bde-text-2898-123-5246-2898-1 bde-text bde-text-2898-123\">\nLire la suite\n<\/div><div class=\"bde-icon-2898-125-5246-2898-1 bde-icon bde-icon-2898-125\">\n\n    \n            <div class=\"bde-icon-icon breakdance-icon-atom\" >\n    \n                    <svg xmlns=\"http:\/\/www.w3.org\/2000\/svg\" viewBox=\"0 0 448 512\"><!--! Font Awesome Pro 6.7.2 by @fontawesome - https:\/\/fontawesome.com License - https:\/\/fontawesome.com\/license (Commercial License) Copyright 2024 Fonticons, Inc. --><path d=\"M443.3 267.3c6.2-6.2 6.2-16.4 0-22.6l-176-176c-6.2-6.2-16.4-6.2-22.6 0s-6.2 16.4 0 22.6L393.4 240 16 240c-8.8 0-16 7.2-16 16s7.2 16 16 16l377.4 0L244.7 420.7c-6.2 6.2-6.2 16.4 0 22.6s16.4 6.2 22.6 0l176-176z\"\/><\/svg>\n        \n        \n        \n            <\/div>\n    \n\n\n<\/div>\n<\/div>\n<\/div>\n<\/div>\n<\/div>\n\n<\/a><\/div>    <\/article>\n    <article class=\"bde-loop-item ee-post swiper-slide\">\n        <div class='breakdance'><a class=\"bde-container-link-2898-107-5241-2898-1 bde-container-link bde-container-link-2898-107 breakdance-link\" href=\"https:\/\/www.lestandmodulaire.com\/en\/stand-modulaire-definition-fonctionnement-et-avantages-pour-les-salons-professionnels\/\" target=\"_self\" data-type=\"url\">\n  \n  \n\t\n\n\n\n<div class=\"bde-div-2898-108-5241-2898-1 bde-div bde-div-2898-108\">\n  \n  \n\t\n\n\n\n<div class=\"bde-div-2898-109-5241-2898-1 bde-div bde-div-2898-109\">\n  \n  \n\t\n\n\n\n<img decoding=\"async\" class=\"bde-image2-2898-110-5241-2898-1 bde-image2 bde-image2-2898-110\" src=\"https:\/\/www.lestandmodulaire.com\/wp-content\/uploads\/2026\/02\/le-stand-modulaire-smeg-porshe-retromobile-2026-03.jpg\" alt=\"Stand modulaire Smeg x Porshe de 66 m\u00b2 au salon R\u00e9tromobile 2026 vue de c\u00f4t\u00e9\" loading=\"lazy\" srcset=\"https:\/\/www.lestandmodulaire.com\/wp-content\/uploads\/2026\/02\/le-stand-modulaire-smeg-porshe-retromobile-2026-03.jpg 1250w, https:\/\/www.lestandmodulaire.com\/wp-content\/uploads\/2026\/02\/le-stand-modulaire-smeg-porshe-retromobile-2026-03-300x216.jpg 300w, https:\/\/www.lestandmodulaire.com\/wp-content\/uploads\/2026\/02\/le-stand-modulaire-smeg-porshe-retromobile-2026-03-1024x737.jpg 1024w, https:\/\/www.lestandmodulaire.com\/wp-content\/uploads\/2026\/02\/le-stand-modulaire-smeg-porshe-retromobile-2026-03-768x553.jpg 768w, https:\/\/www.lestandmodulaire.com\/wp-content\/uploads\/2026\/02\/le-stand-modulaire-smeg-porshe-retromobile-2026-03-18x12.jpg 18w\" sizes=\"(max-width: 1250px) 100vw, 1250px\">\n<\/div><div class=\"bde-div-2898-111-5241-2898-1 bde-div bde-div-2898-111\">\n  \n  \n\t\n\n\n\n<div class=\"bde-div-2898-112-5241-2898-1 bde-div block-realisation-post-meta bde-div-2898-112\">\n  \n  \n\t\n\n\n\n<ul class=\"bde-post-meta-2898-129-5241-2898-1 bde-post-meta bde-post-meta-2898-129\"><li class=\"ee-postmeta-terms-wrap\"><span class=\"ee-postmeta-term\">Tips<\/span><\/li><\/ul>\n<\/div>\n<\/div><div class=\"bde-div-2898-118-5241-2898-1 bde-div bde-div-2898-118\">\n  \n  \n\t\n\n\n\n<ul class=\"bde-post-meta-2898-119-5241-2898-1 bde-post-meta bde-post-meta-2898-119\"><li class=\"ee-postmeta-terms-wrap\"><span class=\"ee-postmeta-term\">Tips<\/span><\/li>            <li class=\"ee-postmeta-date-wrap\">\n                                                        <span class=\"ee-postmeta-date\">07 November 2025<\/span>\n                                <\/li>\n            <\/ul><div class=\"bde-div-2898-128-5241-2898-1 bde-div bde-div-2898-128\">\n  \n  \n\t\n\n\n\n<h3 class=\"bde-heading-2898-120-5241-2898-1 bde-heading bde-heading-2898-120\">Stand modulaire : d\u00e9finition, fonctionnement et avantages pour les salons professionnels<\/h3><div class=\"bde-code-block-2898-126-5241-2898-1 bde-code-block bde-code-block-2898-126\">\n\n  <p class=\"custom-excerpt\">Un stand modulaire est une structure d\u2019exposition compos\u00e9e d\u2019\u00e9l\u00e9ments r\u00e9utilisables et reconfigurables permettant d\u2019adapter un m\u00eame dispositif \u00e0 diff\u00e9rentes surfaces...<\/p>\t\n\n\n<\/div><div class=\"bde-div-2898-124-5241-2898-1 bde-div bde-div-2898-124\">\n  \n  \n\t\n\n\n\n<div class=\"bde-text-2898-123-5241-2898-1 bde-text bde-text-2898-123\">\nLire la suite\n<\/div><div class=\"bde-icon-2898-125-5241-2898-1 bde-icon bde-icon-2898-125\">\n\n    \n            <div class=\"bde-icon-icon breakdance-icon-atom\" >\n    \n                    <svg xmlns=\"http:\/\/www.w3.org\/2000\/svg\" viewBox=\"0 0 448 512\"><!--! Font Awesome Pro 6.7.2 by @fontawesome - https:\/\/fontawesome.com License - https:\/\/fontawesome.com\/license (Commercial License) Copyright 2024 Fonticons, Inc. --><path d=\"M443.3 267.3c6.2-6.2 6.2-16.4 0-22.6l-176-176c-6.2-6.2-16.4-6.2-22.6 0s-6.2 16.4 0 22.6L393.4 240 16 240c-8.8 0-16 7.2-16 16s7.2 16 16 16l377.4 0L244.7 420.7c-6.2 6.2-6.2 16.4 0 22.6s16.4 6.2 22.6 0l176-176z\"\/><\/svg>\n        \n        \n        \n            <\/div>\n    \n\n\n<\/div>\n<\/div>\n<\/div>\n<\/div>\n<\/div>\n\n<\/a><\/div>    <\/article>\n    <article class=\"bde-loop-item ee-post swiper-slide\">\n        <div class='breakdance'><a class=\"bde-container-link-2898-107-5228-2898-1 bde-container-link bde-container-link-2898-107 breakdance-link\" href=\"https:\/\/www.lestandmodulaire.com\/en\/stand-sur-mesure-modulaire-ou-hybride-comment-choisir\/\" target=\"_self\" data-type=\"url\">\n  \n  \n\t\n\n\n\n<div class=\"bde-div-2898-108-5228-2898-1 bde-div bde-div-2898-108\">\n  \n  \n\t\n\n\n\n<div class=\"bde-div-2898-109-5228-2898-1 bde-div bde-div-2898-109\">\n  \n  \n\t\n\n\n\n<img decoding=\"async\" class=\"bde-image2-2898-110-5228-2898-1 bde-image2 bde-image2-2898-110\" src=\"https:\/\/www.lestandmodulaire.com\/wp-content\/uploads\/2025\/10\/le-stand-modulaire-article-matrice-choisir-son-stand-01.png\" alt=\"Matrice pour choisir entre un stand sur-mesure, un stand modulaire ou une solution hybride\" loading=\"lazy\" srcset=\"https:\/\/www.lestandmodulaire.com\/wp-content\/uploads\/2025\/10\/le-stand-modulaire-article-matrice-choisir-son-stand-01.png 740w, https:\/\/www.lestandmodulaire.com\/wp-content\/uploads\/2025\/10\/le-stand-modulaire-article-matrice-choisir-son-stand-01-300x300.png 300w, https:\/\/www.lestandmodulaire.com\/wp-content\/uploads\/2025\/10\/le-stand-modulaire-article-matrice-choisir-son-stand-01-150x150.png 150w, https:\/\/www.lestandmodulaire.com\/wp-content\/uploads\/2025\/10\/le-stand-modulaire-article-matrice-choisir-son-stand-01-12x12.png 12w\" sizes=\"(max-width: 740px) 100vw, 740px\">\n<\/div><div class=\"bde-div-2898-111-5228-2898-1 bde-div bde-div-2898-111\">\n  \n  \n\t\n\n\n\n<div class=\"bde-div-2898-112-5228-2898-1 bde-div block-realisation-post-meta bde-div-2898-112\">\n  \n  \n\t\n\n\n\n<ul class=\"bde-post-meta-2898-129-5228-2898-1 bde-post-meta bde-post-meta-2898-129\"><li class=\"ee-postmeta-terms-wrap\"><span class=\"ee-postmeta-term\">Tips<\/span><\/li><\/ul>\n<\/div>\n<\/div><div class=\"bde-div-2898-118-5228-2898-1 bde-div bde-div-2898-118\">\n  \n  \n\t\n\n\n\n<ul class=\"bde-post-meta-2898-119-5228-2898-1 bde-post-meta bde-post-meta-2898-119\"><li class=\"ee-postmeta-terms-wrap\"><span class=\"ee-postmeta-term\">Tips<\/span><\/li>            <li class=\"ee-postmeta-date-wrap\">\n                                                        <span class=\"ee-postmeta-date\">23 October 2025<\/span>\n                                <\/li>\n            <\/ul><div class=\"bde-div-2898-128-5228-2898-1 bde-div bde-div-2898-128\">\n  \n  \n\t\n\n\n\n<h3 class=\"bde-heading-2898-120-5228-2898-1 bde-heading bde-heading-2898-120\">Stand sur-mesure, modulaire ou hybride : comment faire le bon choix selon vos salons ?<\/h3><div class=\"bde-code-block-2898-126-5228-2898-1 bde-code-block bde-code-block-2898-126\">\n\n  <p class=\"custom-excerpt\">Avant m\u00eame de parler design, animation ou emplacement, une question structurante se pose \ud83d\udc49 Quel type de stand choisir ?\r\n\r\nStand...<\/p>\t\n\n\n<\/div><div class=\"bde-div-2898-124-5228-2898-1 bde-div bde-div-2898-124\">\n  \n  \n\t\n\n\n\n<div class=\"bde-text-2898-123-5228-2898-1 bde-text bde-text-2898-123\">\nLire la suite\n<\/div><div class=\"bde-icon-2898-125-5228-2898-1 bde-icon bde-icon-2898-125\">\n\n    \n            <div class=\"bde-icon-icon breakdance-icon-atom\" >\n    \n                    <svg xmlns=\"http:\/\/www.w3.org\/2000\/svg\" viewBox=\"0 0 448 512\"><!--! Font Awesome Pro 6.7.2 by @fontawesome - https:\/\/fontawesome.com License - https:\/\/fontawesome.com\/license (Commercial License) Copyright 2024 Fonticons, Inc. --><path d=\"M443.3 267.3c6.2-6.2 6.2-16.4 0-22.6l-176-176c-6.2-6.2-16.4-6.2-22.6 0s-6.2 16.4 0 22.6L393.4 240 16 240c-8.8 0-16 7.2-16 16s7.2 16 16 16l377.4 0L244.7 420.7c-6.2 6.2-6.2 16.4 0 22.6s16.4 6.2 22.6 0l176-176z\"\/><\/svg>\n        \n        \n        \n            <\/div>\n    \n\n\n<\/div>\n<\/div>\n<\/div>\n<\/div>\n<\/div>\n\n<\/a><\/div>    <\/article>\n<\/div><\/div>\n    \n            <div class=\"swiper-pagination\"><\/div>\n    \n<\/div>\r\n<\/div><div class=\"bde-post-loop-5355-351 bde-post-loop\"><div class=\"bde-loop bde-loop-grid ee-posts ee-posts-grid\">    <article class=\"bde-loop-item ee-post\">\n        <div class='breakdance'><a class=\"bde-container-link-2898-107-5228-2898-2 bde-container-link bde-container-link-2898-107 breakdance-link\" href=\"https:\/\/www.lestandmodulaire.com\/en\/stand-sur-mesure-modulaire-ou-hybride-comment-choisir\/\" target=\"_self\" data-type=\"url\">\n  \n  \n\t\n\n\n\n<div class=\"bde-div-2898-108-5228-2898-2 bde-div bde-div-2898-108\">\n  \n  \n\t\n\n\n\n<div class=\"bde-div-2898-109-5228-2898-2 bde-div bde-div-2898-109\">\n  \n  \n\t\n\n\n\n<img decoding=\"async\" class=\"bde-image2-2898-110-5228-2898-2 bde-image2 bde-image2-2898-110\" src=\"https:\/\/www.lestandmodulaire.com\/wp-content\/uploads\/2025\/10\/le-stand-modulaire-article-matrice-choisir-son-stand-01.png\" alt=\"Matrice pour choisir entre un stand sur-mesure, un stand modulaire ou une solution hybride\" loading=\"lazy\" srcset=\"https:\/\/www.lestandmodulaire.com\/wp-content\/uploads\/2025\/10\/le-stand-modulaire-article-matrice-choisir-son-stand-01.png 740w, https:\/\/www.lestandmodulaire.com\/wp-content\/uploads\/2025\/10\/le-stand-modulaire-article-matrice-choisir-son-stand-01-300x300.png 300w, https:\/\/www.lestandmodulaire.com\/wp-content\/uploads\/2025\/10\/le-stand-modulaire-article-matrice-choisir-son-stand-01-150x150.png 150w, https:\/\/www.lestandmodulaire.com\/wp-content\/uploads\/2025\/10\/le-stand-modulaire-article-matrice-choisir-son-stand-01-12x12.png 12w\" sizes=\"(max-width: 740px) 100vw, 740px\">\n<\/div><div class=\"bde-div-2898-111-5228-2898-2 bde-div bde-div-2898-111\">\n  \n  \n\t\n\n\n\n<div class=\"bde-div-2898-112-5228-2898-2 bde-div block-realisation-post-meta bde-div-2898-112\">\n  \n  \n\t\n\n\n\n<ul class=\"bde-post-meta-2898-129-5228-2898-2 bde-post-meta bde-post-meta-2898-129\"><li class=\"ee-postmeta-terms-wrap\"><span class=\"ee-postmeta-term\">Tips<\/span><\/li><\/ul>\n<\/div>\n<\/div><div class=\"bde-div-2898-118-5228-2898-2 bde-div bde-div-2898-118\">\n  \n  \n\t\n\n\n\n<ul class=\"bde-post-meta-2898-119-5228-2898-2 bde-post-meta bde-post-meta-2898-119\"><li class=\"ee-postmeta-terms-wrap\"><span class=\"ee-postmeta-term\">Tips<\/span><\/li>            <li class=\"ee-postmeta-date-wrap\">\n                                                        <span class=\"ee-postmeta-date\">23 October 2025<\/span>\n                                <\/li>\n            <\/ul><div class=\"bde-div-2898-128-5228-2898-2 bde-div bde-div-2898-128\">\n  \n  \n\t\n\n\n\n<h3 class=\"bde-heading-2898-120-5228-2898-2 bde-heading bde-heading-2898-120\">Stand sur-mesure, modulaire ou hybride : comment faire le bon choix selon vos salons ?<\/h3><div class=\"bde-code-block-2898-126-5228-2898-2 bde-code-block bde-code-block-2898-126\">\n\n  <p class=\"custom-excerpt\">Avant m\u00eame de parler design, animation ou emplacement, une question structurante se pose \ud83d\udc49 Quel type de stand choisir ?\r\n\r\nStand...<\/p>\t\n\n\n<\/div><div class=\"bde-div-2898-124-5228-2898-2 bde-div bde-div-2898-124\">\n  \n  \n\t\n\n\n\n<div class=\"bde-text-2898-123-5228-2898-2 bde-text bde-text-2898-123\">\nLire la suite\n<\/div><div class=\"bde-icon-2898-125-5228-2898-2 bde-icon bde-icon-2898-125\">\n\n    \n            <div class=\"bde-icon-icon breakdance-icon-atom\" >\n    \n                    <svg xmlns=\"http:\/\/www.w3.org\/2000\/svg\" viewBox=\"0 0 448 512\"><!--! Font Awesome Pro 6.7.2 by @fontawesome - https:\/\/fontawesome.com License - https:\/\/fontawesome.com\/license (Commercial License) Copyright 2024 Fonticons, Inc. --><path d=\"M443.3 267.3c6.2-6.2 6.2-16.4 0-22.6l-176-176c-6.2-6.2-16.4-6.2-22.6 0s-6.2 16.4 0 22.6L393.4 240 16 240c-8.8 0-16 7.2-16 16s7.2 16 16 16l377.4 0L244.7 420.7c-6.2 6.2-6.2 16.4 0 22.6s16.4 6.2 22.6 0l176-176z\"\/><\/svg>\n        \n        \n        \n            <\/div>\n    \n\n\n<\/div>\n<\/div>\n<\/div>\n<\/div>\n<\/div>\n\n<\/a><\/div>    <\/article>\n    <article class=\"bde-loop-item ee-post\">\n        <div class='breakdance'><a class=\"bde-container-link-2898-107-5031-2898-1 bde-container-link bde-container-link-2898-107 breakdance-link\" href=\"https:\/\/www.lestandmodulaire.com\/en\/un-groupe-quatre-identites-fortes\/\" target=\"_self\" data-type=\"url\">\n  \n  \n\t\n\n\n\n<div class=\"bde-div-2898-108-5031-2898-1 bde-div bde-div-2898-108\">\n  \n  \n\t\n\n\n\n<div class=\"bde-div-2898-109-5031-2898-1 bde-div bde-div-2898-109\">\n  \n  \n\t\n\n\n\n<img decoding=\"async\" class=\"bde-image2-2898-110-5031-2898-1 bde-image2 bde-image2-2898-110\" src=\"https:\/\/www.lestandmodulaire.com\/wp-content\/uploads\/2025\/06\/le-stand-modulaire-article-un-groupe-quatre-identites-fortes-2025-03.jpg\" alt=\"Pr\u00e9sentation WENES Group\" loading=\"lazy\" srcset=\"https:\/\/www.lestandmodulaire.com\/wp-content\/uploads\/2025\/06\/le-stand-modulaire-article-un-groupe-quatre-identites-fortes-2025-03.jpg 1920w, https:\/\/www.lestandmodulaire.com\/wp-content\/uploads\/2025\/06\/le-stand-modulaire-article-un-groupe-quatre-identites-fortes-2025-03-300x200.jpg 300w, https:\/\/www.lestandmodulaire.com\/wp-content\/uploads\/2025\/06\/le-stand-modulaire-article-un-groupe-quatre-identites-fortes-2025-03-1024x683.jpg 1024w, https:\/\/www.lestandmodulaire.com\/wp-content\/uploads\/2025\/06\/le-stand-modulaire-article-un-groupe-quatre-identites-fortes-2025-03-768x512.jpg 768w, https:\/\/www.lestandmodulaire.com\/wp-content\/uploads\/2025\/06\/le-stand-modulaire-article-un-groupe-quatre-identites-fortes-2025-03-1536x1024.jpg 1536w, https:\/\/www.lestandmodulaire.com\/wp-content\/uploads\/2025\/06\/le-stand-modulaire-article-un-groupe-quatre-identites-fortes-2025-03-18x12.jpg 18w\" sizes=\"(max-width: 1920px) 100vw, 1920px\">\n<\/div><div class=\"bde-div-2898-111-5031-2898-1 bde-div bde-div-2898-111\">\n  \n  \n\t\n\n\n\n<div class=\"bde-div-2898-112-5031-2898-1 bde-div block-realisation-post-meta bde-div-2898-112\">\n  \n  \n\t\n\n\n\n<ul class=\"bde-post-meta-2898-129-5031-2898-1 bde-post-meta bde-post-meta-2898-129\"><li class=\"ee-postmeta-terms-wrap\"><span class=\"ee-postmeta-term\">WENES Group<\/span><\/li><\/ul>\n<\/div>\n<\/div><div class=\"bde-div-2898-118-5031-2898-1 bde-div bde-div-2898-118\">\n  \n  \n\t\n\n\n\n<ul class=\"bde-post-meta-2898-119-5031-2898-1 bde-post-meta bde-post-meta-2898-119\"><li class=\"ee-postmeta-terms-wrap\"><span class=\"ee-postmeta-term\">WENES Group<\/span><\/li>            <li class=\"ee-postmeta-date-wrap\">\n                                                        <span class=\"ee-postmeta-date\">01 September 2025<\/span>\n                                <\/li>\n            <\/ul><div class=\"bde-div-2898-128-5031-2898-1 bde-div bde-div-2898-128\">\n  \n  \n\t\n\n\n\n<h3 class=\"bde-heading-2898-120-5031-2898-1 bde-heading bde-heading-2898-120\">Un groupe, quatre identit\u00e9s fortes : retour sur deux ans de refonte de nos marques<\/h3><div class=\"bde-code-block-2898-126-5031-2898-1 bde-code-block bde-code-block-2898-126\">\n\n  <p class=\"custom-excerpt\">Depuis plus de 17 ans, WENES s\u2019impose comme un acteur de r\u00e9f\u00e9rence dans l\u2019univers du stand, de l\u2019\u00e9v\u00e9nementiel, de l\u2019am\u00e9nagement...<\/p>\t\n\n\n<\/div><div class=\"bde-div-2898-124-5031-2898-1 bde-div bde-div-2898-124\">\n  \n  \n\t\n\n\n\n<div class=\"bde-text-2898-123-5031-2898-1 bde-text bde-text-2898-123\">\nLire la suite\n<\/div><div class=\"bde-icon-2898-125-5031-2898-1 bde-icon bde-icon-2898-125\">\n\n    \n            <div class=\"bde-icon-icon breakdance-icon-atom\" >\n    \n                    <svg xmlns=\"http:\/\/www.w3.org\/2000\/svg\" viewBox=\"0 0 448 512\"><!--! Font Awesome Pro 6.7.2 by @fontawesome - https:\/\/fontawesome.com License - https:\/\/fontawesome.com\/license (Commercial License) Copyright 2024 Fonticons, Inc. --><path d=\"M443.3 267.3c6.2-6.2 6.2-16.4 0-22.6l-176-176c-6.2-6.2-16.4-6.2-22.6 0s-6.2 16.4 0 22.6L393.4 240 16 240c-8.8 0-16 7.2-16 16s7.2 16 16 16l377.4 0L244.7 420.7c-6.2 6.2-6.2 16.4 0 22.6s16.4 6.2 22.6 0l176-176z\"\/><\/svg>\n        \n        \n        \n            <\/div>\n    \n\n\n<\/div>\n<\/div>\n<\/div>\n<\/div>\n<\/div>\n\n<\/a><\/div>    <\/article>\n    <article class=\"bde-loop-item ee-post\">\n        <div class='breakdance'><a class=\"bde-container-link-2898-107-4798-2898-1 bde-container-link bde-container-link-2898-107 breakdance-link\" href=\"https:\/\/www.lestandmodulaire.com\/en\/le-stand-modulaire-une-entite-du-groupe-wenes\/\" target=\"_self\" data-type=\"url\">\n  \n  \n\t\n\n\n\n<div class=\"bde-div-2898-108-4798-2898-1 bde-div bde-div-2898-108\">\n  \n  \n\t\n\n\n\n<div class=\"bde-div-2898-109-4798-2898-1 bde-div bde-div-2898-109\">\n  \n  \n\t\n\n\n\n<img decoding=\"async\" class=\"bde-image2-2898-110-4798-2898-1 bde-image2 bde-image2-2898-110\" src=\"https:\/\/www.lestandmodulaire.com\/wp-content\/uploads\/2025\/03\/le-stand-modulaire-photos-groupe-03.jpg\" loading=\"lazy\" srcset=\"https:\/\/www.lestandmodulaire.com\/wp-content\/uploads\/2025\/03\/le-stand-modulaire-photos-groupe-03.jpg 1920w, https:\/\/www.lestandmodulaire.com\/wp-content\/uploads\/2025\/03\/le-stand-modulaire-photos-groupe-03-300x200.jpg 300w, https:\/\/www.lestandmodulaire.com\/wp-content\/uploads\/2025\/03\/le-stand-modulaire-photos-groupe-03-1024x683.jpg 1024w, https:\/\/www.lestandmodulaire.com\/wp-content\/uploads\/2025\/03\/le-stand-modulaire-photos-groupe-03-768x512.jpg 768w, https:\/\/www.lestandmodulaire.com\/wp-content\/uploads\/2025\/03\/le-stand-modulaire-photos-groupe-03-1536x1024.jpg 1536w, https:\/\/www.lestandmodulaire.com\/wp-content\/uploads\/2025\/03\/le-stand-modulaire-photos-groupe-03-18x12.jpg 18w\" sizes=\"(max-width: 1920px) 100vw, 1920px\">\n<\/div><div class=\"bde-div-2898-111-4798-2898-1 bde-div bde-div-2898-111\">\n  \n  \n\t\n\n\n\n<div class=\"bde-div-2898-112-4798-2898-1 bde-div block-realisation-post-meta bde-div-2898-112\">\n  \n  \n\t\n\n\n\n<ul class=\"bde-post-meta-2898-129-4798-2898-1 bde-post-meta bde-post-meta-2898-129\"><li class=\"ee-postmeta-terms-wrap\"><span class=\"ee-postmeta-term\">Team<\/span><\/li><\/ul>\n<\/div>\n<\/div><div class=\"bde-div-2898-118-4798-2898-1 bde-div bde-div-2898-118\">\n  \n  \n\t\n\n\n\n<ul class=\"bde-post-meta-2898-119-4798-2898-1 bde-post-meta bde-post-meta-2898-119\"><li class=\"ee-postmeta-terms-wrap\"><span class=\"ee-postmeta-term\">Team<\/span><\/li>            <li class=\"ee-postmeta-date-wrap\">\n                                                        <span class=\"ee-postmeta-date\">04 March 2025<\/span>\n                                <\/li>\n            <\/ul><div class=\"bde-div-2898-128-4798-2898-1 bde-div bde-div-2898-128\">\n  \n  \n\t\n\n\n\n<h3 class=\"bde-heading-2898-120-4798-2898-1 bde-heading bde-heading-2898-120\">Le Stand Modulaire, une entit\u00e9 100% d\u00e9di\u00e9e aux stands modulaires au sein du Groupe WENES<\/h3><div class=\"bde-code-block-2898-126-4798-2898-1 bde-code-block bde-code-block-2898-126\">\n\n  <p class=\"custom-excerpt\">Depuis plus de 17 ans, WENES Group s\u2019est impos\u00e9 comme un acteur majeur de la conception de stands sur-mesure. Avec...<\/p>\t\n\n\n<\/div><div class=\"bde-div-2898-124-4798-2898-1 bde-div bde-div-2898-124\">\n  \n  \n\t\n\n\n\n<div class=\"bde-text-2898-123-4798-2898-1 bde-text bde-text-2898-123\">\nLire la suite\n<\/div><div class=\"bde-icon-2898-125-4798-2898-1 bde-icon bde-icon-2898-125\">\n\n    \n            <div class=\"bde-icon-icon breakdance-icon-atom\" >\n    \n                    <svg xmlns=\"http:\/\/www.w3.org\/2000\/svg\" viewBox=\"0 0 448 512\"><!--! Font Awesome Pro 6.7.2 by @fontawesome - https:\/\/fontawesome.com License - https:\/\/fontawesome.com\/license (Commercial License) Copyright 2024 Fonticons, Inc. --><path d=\"M443.3 267.3c6.2-6.2 6.2-16.4 0-22.6l-176-176c-6.2-6.2-16.4-6.2-22.6 0s-6.2 16.4 0 22.6L393.4 240 16 240c-8.8 0-16 7.2-16 16s7.2 16 16 16l377.4 0L244.7 420.7c-6.2 6.2-6.2 16.4 0 22.6s16.4 6.2 22.6 0l176-176z\"\/><\/svg>\n        \n        \n        \n            <\/div>\n    \n\n\n<\/div>\n<\/div>\n<\/div>\n<\/div>\n<\/div>\n\n<\/a><\/div>    <\/article>\n<\/div>\r\n<\/div><a class=\"bde-text-link-5355-352 bde-text-link link-animation breakdance-link\" href=\"#\" target=\"_self\" data-type=\"url\">\n  Toutes nos actualit\u00e9s\n\n<\/a>\n<\/div><\/div>\n<\/section><\/div>","protected":false},"excerpt":{"rendered":"<p>Le stand modulaire permet \u00e0 une entreprise de participer \u00e0 plusieurs salons par an avec un seul dispositif reconfigurable : m\u00eame structure, surfaces variables, identit\u00e9 visuelle coh\u00e9rente, co\u00fbt par salon ma\u00eetris\u00e9. <\/p>","protected":false},"author":2,"featured_media":5182,"comment_status":"closed","ping_status":"closed","sticky":false,"template":"","format":"standard","meta":{"_acf_changed":false,"_breakdance_hide_in_design_set":false,"_breakdance_tags":"","footnotes":""},"categories":[19],"tags":[],"class_list":["post-5355","post","type-post","status-publish","format-standard","has-post-thumbnail","hentry","category-tips"],"acf":[],"yoast_head":"<!-- This site is optimized with the Yoast SEO plugin v27.4 - https:\/\/yoast.com\/product\/yoast-seo-wordpress\/ -->\n<title>Stand modulaire &amp; strat\u00e9gie multi-salons - Le Stand Modulaire<\/title>\n<meta name=\"description\" content=\"Participer \u00e0 plusieurs salons par an avec le m\u00eame stand, c&#039;est possible et rentable. D\u00e9couvrez comment le stand modulaire devient le pilier d&#039;une strat\u00e9gie \u00e9v\u00e9nementielle coh\u00e9rente.\" \/>\n<meta name=\"robots\" content=\"index, follow, max-snippet:-1, max-image-preview:large, max-video-preview:-1\" \/>\n<link rel=\"canonical\" href=\"https:\/\/www.lestandmodulaire.com\/en\/stand-modulaire-eco-responsable-comment-reduire-empreinte-carbone-salons-2\/\" \/>\n<meta property=\"og:locale\" content=\"en_US\" \/>\n<meta property=\"og:type\" content=\"article\" \/>\n<meta property=\"og:title\" content=\"Stand modulaire &amp; strat\u00e9gie multi-salons - Le Stand Modulaire\" \/>\n<meta property=\"og:description\" content=\"Participer \u00e0 plusieurs salons par an avec le m\u00eame stand, c&#039;est possible et rentable. D\u00e9couvrez comment le stand modulaire devient le pilier d&#039;une strat\u00e9gie \u00e9v\u00e9nementielle coh\u00e9rente.\" \/>\n<meta property=\"og:url\" content=\"https:\/\/www.lestandmodulaire.com\/en\/stand-modulaire-eco-responsable-comment-reduire-empreinte-carbone-salons-2\/\" \/>\n<meta property=\"og:site_name\" content=\"Le Stand Modulaire\" \/>\n<meta property=\"article:published_time\" content=\"2026-04-27T13:47:28+00:00\" \/>\n<meta property=\"og:image\" content=\"https:\/\/www.lestandmodulaire.com\/wp-content\/uploads\/2025\/10\/le-stand-modulaire-evolutif-upcoop-12m\u00b2-02.jpg\" \/>\n\t<meta property=\"og:image:width\" content=\"1250\" \/>\n\t<meta property=\"og:image:height\" content=\"900\" \/>\n\t<meta property=\"og:image:type\" content=\"image\/jpeg\" \/>\n<meta name=\"author\" content=\"auberi\" \/>\n<meta name=\"twitter:card\" content=\"summary_large_image\" \/>\n<meta name=\"twitter:label1\" content=\"Written by\" \/>\n\t<meta name=\"twitter:data1\" content=\"auberi\" \/>\n\t<meta name=\"twitter:label2\" content=\"Est. reading time\" \/>\n\t<meta name=\"twitter:data2\" content=\"13 minutes\" \/>\n<script type=\"application\/ld+json\" class=\"yoast-schema-graph\">{\"@context\":\"https:\\\/\\\/schema.org\",\"@graph\":[{\"@type\":\"Article\",\"@id\":\"https:\\\/\\\/www.lestandmodulaire.com\\\/en\\\/stand-modulaire-eco-responsable-comment-reduire-empreinte-carbone-salons-2\\\/#article\",\"isPartOf\":{\"@id\":\"https:\\\/\\\/www.lestandmodulaire.com\\\/en\\\/stand-modulaire-eco-responsable-comment-reduire-empreinte-carbone-salons-2\\\/\"},\"author\":{\"name\":\"auberi\",\"@id\":\"https:\\\/\\\/www.lestandmodulaire.com\\\/en\\\/#\\\/schema\\\/person\\\/1f7878bbdd83a57580376cdf1fadc4e9\"},\"headline\":\"Optimiser sa strat\u00e9gie salon multi-\u00e9v\u00e9nements gr\u00e2ce au stand modulaire\",\"datePublished\":\"2026-04-27T13:47:28+00:00\",\"mainEntityOfPage\":{\"@id\":\"https:\\\/\\\/www.lestandmodulaire.com\\\/en\\\/stand-modulaire-eco-responsable-comment-reduire-empreinte-carbone-salons-2\\\/\"},\"wordCount\":13,\"image\":{\"@id\":\"https:\\\/\\\/www.lestandmodulaire.com\\\/en\\\/stand-modulaire-eco-responsable-comment-reduire-empreinte-carbone-salons-2\\\/#primaryimage\"},\"thumbnailUrl\":\"https:\\\/\\\/www.lestandmodulaire.com\\\/wp-content\\\/uploads\\\/2025\\\/10\\\/le-stand-modulaire-evolutif-upcoop-12m\u00b2-02.jpg\",\"articleSection\":[\"Tips\"],\"inLanguage\":\"en-US\"},{\"@type\":\"WebPage\",\"@id\":\"https:\\\/\\\/www.lestandmodulaire.com\\\/en\\\/stand-modulaire-eco-responsable-comment-reduire-empreinte-carbone-salons-2\\\/\",\"url\":\"https:\\\/\\\/www.lestandmodulaire.com\\\/en\\\/stand-modulaire-eco-responsable-comment-reduire-empreinte-carbone-salons-2\\\/\",\"name\":\"Stand modulaire & strat\u00e9gie multi-salons - Le Stand Modulaire\",\"isPartOf\":{\"@id\":\"https:\\\/\\\/www.lestandmodulaire.com\\\/en\\\/#website\"},\"primaryImageOfPage\":{\"@id\":\"https:\\\/\\\/www.lestandmodulaire.com\\\/en\\\/stand-modulaire-eco-responsable-comment-reduire-empreinte-carbone-salons-2\\\/#primaryimage\"},\"image\":{\"@id\":\"https:\\\/\\\/www.lestandmodulaire.com\\\/en\\\/stand-modulaire-eco-responsable-comment-reduire-empreinte-carbone-salons-2\\\/#primaryimage\"},\"thumbnailUrl\":\"https:\\\/\\\/www.lestandmodulaire.com\\\/wp-content\\\/uploads\\\/2025\\\/10\\\/le-stand-modulaire-evolutif-upcoop-12m\u00b2-02.jpg\",\"datePublished\":\"2026-04-27T13:47:28+00:00\",\"author\":{\"@id\":\"https:\\\/\\\/www.lestandmodulaire.com\\\/en\\\/#\\\/schema\\\/person\\\/1f7878bbdd83a57580376cdf1fadc4e9\"},\"description\":\"Participer \u00e0 plusieurs salons par an avec le m\u00eame stand, c'est possible et rentable. D\u00e9couvrez comment le stand modulaire devient le pilier d'une strat\u00e9gie \u00e9v\u00e9nementielle coh\u00e9rente.\",\"breadcrumb\":{\"@id\":\"https:\\\/\\\/www.lestandmodulaire.com\\\/en\\\/stand-modulaire-eco-responsable-comment-reduire-empreinte-carbone-salons-2\\\/#breadcrumb\"},\"inLanguage\":\"en-US\",\"potentialAction\":[{\"@type\":\"ReadAction\",\"target\":[\"https:\\\/\\\/www.lestandmodulaire.com\\\/en\\\/stand-modulaire-eco-responsable-comment-reduire-empreinte-carbone-salons-2\\\/\"]}]},{\"@type\":\"ImageObject\",\"inLanguage\":\"en-US\",\"@id\":\"https:\\\/\\\/www.lestandmodulaire.com\\\/en\\\/stand-modulaire-eco-responsable-comment-reduire-empreinte-carbone-salons-2\\\/#primaryimage\",\"url\":\"https:\\\/\\\/www.lestandmodulaire.com\\\/wp-content\\\/uploads\\\/2025\\\/10\\\/le-stand-modulaire-evolutif-upcoop-12m\u00b2-02.jpg\",\"contentUrl\":\"https:\\\/\\\/www.lestandmodulaire.com\\\/wp-content\\\/uploads\\\/2025\\\/10\\\/le-stand-modulaire-evolutif-upcoop-12m\u00b2-02.jpg\",\"width\":1250,\"height\":900,\"caption\":\"Stand modulaire Upcoop de 12 m\u00b2 au salon Evolutif 2025\"},{\"@type\":\"BreadcrumbList\",\"@id\":\"https:\\\/\\\/www.lestandmodulaire.com\\\/en\\\/stand-modulaire-eco-responsable-comment-reduire-empreinte-carbone-salons-2\\\/#breadcrumb\",\"itemListElement\":[{\"@type\":\"ListItem\",\"position\":1,\"name\":\"Home\",\"item\":\"https:\\\/\\\/www.lestandmodulaire.com\\\/\"},{\"@type\":\"ListItem\",\"position\":2,\"name\":\"Optimiser sa strat\u00e9gie salon multi-\u00e9v\u00e9nements gr\u00e2ce au stand modulaire\"}]},{\"@type\":\"WebSite\",\"@id\":\"https:\\\/\\\/www.lestandmodulaire.com\\\/en\\\/#website\",\"url\":\"https:\\\/\\\/www.lestandmodulaire.com\\\/en\\\/\",\"name\":\"Le Stand Modulaire\",\"description\":\"\",\"potentialAction\":[{\"@type\":\"SearchAction\",\"target\":{\"@type\":\"EntryPoint\",\"urlTemplate\":\"https:\\\/\\\/www.lestandmodulaire.com\\\/en\\\/?s={search_term_string}\"},\"query-input\":{\"@type\":\"PropertyValueSpecification\",\"valueRequired\":true,\"valueName\":\"search_term_string\"}}],\"inLanguage\":\"en-US\"},{\"@type\":\"Person\",\"@id\":\"https:\\\/\\\/www.lestandmodulaire.com\\\/en\\\/#\\\/schema\\\/person\\\/1f7878bbdd83a57580376cdf1fadc4e9\",\"name\":\"auberi\",\"image\":{\"@type\":\"ImageObject\",\"inLanguage\":\"en-US\",\"@id\":\"https:\\\/\\\/secure.gravatar.com\\\/avatar\\\/c121cb7a1490f2d9746627d87c884751819884a5296bb2e7f1e0be267f3e2972?s=96&d=mm&r=g\",\"url\":\"https:\\\/\\\/secure.gravatar.com\\\/avatar\\\/c121cb7a1490f2d9746627d87c884751819884a5296bb2e7f1e0be267f3e2972?s=96&d=mm&r=g\",\"contentUrl\":\"https:\\\/\\\/secure.gravatar.com\\\/avatar\\\/c121cb7a1490f2d9746627d87c884751819884a5296bb2e7f1e0be267f3e2972?s=96&d=mm&r=g\",\"caption\":\"auberi\"}}]}<\/script>\n<!-- \/ Yoast SEO plugin. -->","yoast_head_json":{"title":"Stand modulaire & strat\u00e9gie multi-salons - Le Stand Modulaire","description":"Participer \u00e0 plusieurs salons par an avec le m\u00eame stand, c'est possible et rentable. D\u00e9couvrez comment le stand modulaire devient le pilier d'une strat\u00e9gie \u00e9v\u00e9nementielle coh\u00e9rente.","robots":{"index":"index","follow":"follow","max-snippet":"max-snippet:-1","max-image-preview":"max-image-preview:large","max-video-preview":"max-video-preview:-1"},"canonical":"https:\/\/www.lestandmodulaire.com\/en\/stand-modulaire-eco-responsable-comment-reduire-empreinte-carbone-salons-2\/","og_locale":"en_US","og_type":"article","og_title":"Stand modulaire & strat\u00e9gie multi-salons - Le Stand Modulaire","og_description":"Participer \u00e0 plusieurs salons par an avec le m\u00eame stand, c'est possible et rentable. D\u00e9couvrez comment le stand modulaire devient le pilier d'une strat\u00e9gie \u00e9v\u00e9nementielle coh\u00e9rente.","og_url":"https:\/\/www.lestandmodulaire.com\/en\/stand-modulaire-eco-responsable-comment-reduire-empreinte-carbone-salons-2\/","og_site_name":"Le Stand Modulaire","article_published_time":"2026-04-27T13:47:28+00:00","og_image":[{"width":1250,"height":900,"url":"https:\/\/www.lestandmodulaire.com\/wp-content\/uploads\/2025\/10\/le-stand-modulaire-evolutif-upcoop-12m\u00b2-02.jpg","type":"image\/jpeg"}],"author":"auberi","twitter_card":"summary_large_image","twitter_misc":{"Written by":"auberi","Est. reading time":"13 minutes"},"schema":{"@context":"https:\/\/schema.org","@graph":[{"@type":"Article","@id":"https:\/\/www.lestandmodulaire.com\/en\/stand-modulaire-eco-responsable-comment-reduire-empreinte-carbone-salons-2\/#article","isPartOf":{"@id":"https:\/\/www.lestandmodulaire.com\/en\/stand-modulaire-eco-responsable-comment-reduire-empreinte-carbone-salons-2\/"},"author":{"name":"auberi","@id":"https:\/\/www.lestandmodulaire.com\/en\/#\/schema\/person\/1f7878bbdd83a57580376cdf1fadc4e9"},"headline":"Optimiser sa strat\u00e9gie salon multi-\u00e9v\u00e9nements gr\u00e2ce au stand modulaire","datePublished":"2026-04-27T13:47:28+00:00","mainEntityOfPage":{"@id":"https:\/\/www.lestandmodulaire.com\/en\/stand-modulaire-eco-responsable-comment-reduire-empreinte-carbone-salons-2\/"},"wordCount":13,"image":{"@id":"https:\/\/www.lestandmodulaire.com\/en\/stand-modulaire-eco-responsable-comment-reduire-empreinte-carbone-salons-2\/#primaryimage"},"thumbnailUrl":"https:\/\/www.lestandmodulaire.com\/wp-content\/uploads\/2025\/10\/le-stand-modulaire-evolutif-upcoop-12m\u00b2-02.jpg","articleSection":["Tips"],"inLanguage":"en-US"},{"@type":"WebPage","@id":"https:\/\/www.lestandmodulaire.com\/en\/stand-modulaire-eco-responsable-comment-reduire-empreinte-carbone-salons-2\/","url":"https:\/\/www.lestandmodulaire.com\/en\/stand-modulaire-eco-responsable-comment-reduire-empreinte-carbone-salons-2\/","name":"Stand modulaire & strat\u00e9gie multi-salons - Le Stand Modulaire","isPartOf":{"@id":"https:\/\/www.lestandmodulaire.com\/en\/#website"},"primaryImageOfPage":{"@id":"https:\/\/www.lestandmodulaire.com\/en\/stand-modulaire-eco-responsable-comment-reduire-empreinte-carbone-salons-2\/#primaryimage"},"image":{"@id":"https:\/\/www.lestandmodulaire.com\/en\/stand-modulaire-eco-responsable-comment-reduire-empreinte-carbone-salons-2\/#primaryimage"},"thumbnailUrl":"https:\/\/www.lestandmodulaire.com\/wp-content\/uploads\/2025\/10\/le-stand-modulaire-evolutif-upcoop-12m\u00b2-02.jpg","datePublished":"2026-04-27T13:47:28+00:00","author":{"@id":"https:\/\/www.lestandmodulaire.com\/en\/#\/schema\/person\/1f7878bbdd83a57580376cdf1fadc4e9"},"description":"Participer \u00e0 plusieurs salons par an avec le m\u00eame stand, c'est possible et rentable. D\u00e9couvrez comment le stand modulaire devient le pilier d'une strat\u00e9gie \u00e9v\u00e9nementielle coh\u00e9rente.","breadcrumb":{"@id":"https:\/\/www.lestandmodulaire.com\/en\/stand-modulaire-eco-responsable-comment-reduire-empreinte-carbone-salons-2\/#breadcrumb"},"inLanguage":"en-US","potentialAction":[{"@type":"ReadAction","target":["https:\/\/www.lestandmodulaire.com\/en\/stand-modulaire-eco-responsable-comment-reduire-empreinte-carbone-salons-2\/"]}]},{"@type":"ImageObject","inLanguage":"en-US","@id":"https:\/\/www.lestandmodulaire.com\/en\/stand-modulaire-eco-responsable-comment-reduire-empreinte-carbone-salons-2\/#primaryimage","url":"https:\/\/www.lestandmodulaire.com\/wp-content\/uploads\/2025\/10\/le-stand-modulaire-evolutif-upcoop-12m\u00b2-02.jpg","contentUrl":"https:\/\/www.lestandmodulaire.com\/wp-content\/uploads\/2025\/10\/le-stand-modulaire-evolutif-upcoop-12m\u00b2-02.jpg","width":1250,"height":900,"caption":"Stand modulaire Upcoop de 12 m\u00b2 au salon Evolutif 2025"},{"@type":"BreadcrumbList","@id":"https:\/\/www.lestandmodulaire.com\/en\/stand-modulaire-eco-responsable-comment-reduire-empreinte-carbone-salons-2\/#breadcrumb","itemListElement":[{"@type":"ListItem","position":1,"name":"Home","item":"https:\/\/www.lestandmodulaire.com\/"},{"@type":"ListItem","position":2,"name":"Optimiser sa strat\u00e9gie salon multi-\u00e9v\u00e9nements gr\u00e2ce au stand modulaire"}]},{"@type":"WebSite","@id":"https:\/\/www.lestandmodulaire.com\/en\/#website","url":"https:\/\/www.lestandmodulaire.com\/en\/","name":"The Modular Stand","description":"","potentialAction":[{"@type":"SearchAction","target":{"@type":"EntryPoint","urlTemplate":"https:\/\/www.lestandmodulaire.com\/en\/?s={search_term_string}"},"query-input":{"@type":"PropertyValueSpecification","valueRequired":true,"valueName":"search_term_string"}}],"inLanguage":"en-US"},{"@type":"Person","@id":"https:\/\/www.lestandmodulaire.com\/en\/#\/schema\/person\/1f7878bbdd83a57580376cdf1fadc4e9","name":"auberi","image":{"@type":"ImageObject","inLanguage":"en-US","@id":"https:\/\/secure.gravatar.com\/avatar\/c121cb7a1490f2d9746627d87c884751819884a5296bb2e7f1e0be267f3e2972?s=96&d=mm&r=g","url":"https:\/\/secure.gravatar.com\/avatar\/c121cb7a1490f2d9746627d87c884751819884a5296bb2e7f1e0be267f3e2972?s=96&d=mm&r=g","contentUrl":"https:\/\/secure.gravatar.com\/avatar\/c121cb7a1490f2d9746627d87c884751819884a5296bb2e7f1e0be267f3e2972?s=96&d=mm&r=g","caption":"auberi"}}]}},"_links":{"self":[{"href":"https:\/\/www.lestandmodulaire.com\/en\/wp-json\/wp\/v2\/posts\/5355","targetHints":{"allow":["GET"]}}],"collection":[{"href":"https:\/\/www.lestandmodulaire.com\/en\/wp-json\/wp\/v2\/posts"}],"about":[{"href":"https:\/\/www.lestandmodulaire.com\/en\/wp-json\/wp\/v2\/types\/post"}],"author":[{"embeddable":true,"href":"https:\/\/www.lestandmodulaire.com\/en\/wp-json\/wp\/v2\/users\/2"}],"replies":[{"embeddable":true,"href":"https:\/\/www.lestandmodulaire.com\/en\/wp-json\/wp\/v2\/comments?post=5355"}],"version-history":[{"count":3,"href":"https:\/\/www.lestandmodulaire.com\/en\/wp-json\/wp\/v2\/posts\/5355\/revisions"}],"predecessor-version":[{"id":5358,"href":"https:\/\/www.lestandmodulaire.com\/en\/wp-json\/wp\/v2\/posts\/5355\/revisions\/5358"}],"wp:featuredmedia":[{"embeddable":true,"href":"https:\/\/www.lestandmodulaire.com\/en\/wp-json\/wp\/v2\/media\/5182"}],"wp:attachment":[{"href":"https:\/\/www.lestandmodulaire.com\/en\/wp-json\/wp\/v2\/media?parent=5355"}],"wp:term":[{"taxonomy":"category","embeddable":true,"href":"https:\/\/www.lestandmodulaire.com\/en\/wp-json\/wp\/v2\/categories?post=5355"},{"taxonomy":"post_tag","embeddable":true,"href":"https:\/\/www.lestandmodulaire.com\/en\/wp-json\/wp\/v2\/tags?post=5355"}],"curies":[{"name":"wp","href":"https:\/\/api.w.org\/{rel}","templated":true}]}}