{"id":4802,"date":"2025-03-13T16:38:02","date_gmt":"2025-03-13T14:38:02","guid":{"rendered":"https:\/\/www.lestandmodulaire.com\/?p=4802"},"modified":"2025-03-20T17:39:12","modified_gmt":"2025-03-20T15:39:12","slug":"un-stand-modulaire-sur-mesure-est-ce-vraiment-possible","status":"publish","type":"post","link":"https:\/\/www.lestandmodulaire.com\/en\/un-stand-modulaire-sur-mesure-cest-possible\/","title":{"rendered":"A customized modular stand: is it really possible?"},"content":{"rendered":"<div class='breakdance'><section class=\"bde-section-4802-336 bde-section\">\n  \n  \n\t\n\n\n\n<div class=\"section-container\"><div class=\"bde-columns-4802-337 bde-columns\"><div class=\"bde-column-4802-338 bde-column\">\n  \n  \n\t\n\n\n\n<div class=\"bde-div-4802-128 bde-div\">\n  \n  \n\t\n\n\n\n<ul class=\"bde-post-meta-4802-122 bde-post-meta\"><li class=\"ee-postmeta-terms-wrap\"><span class=\"ee-postmeta-term\">Tips<\/span><\/li><\/ul><ul class=\"bde-post-meta-4802-127 bde-post-meta\">            <li class=\"ee-postmeta-date-wrap\">\n                                                        <span class=\"ee-postmeta-date\">13.03.2025<\/span>\n                                <\/li>\n            <\/ul><div class=\"bde-social-share-buttons-4802-130 bde-social-share-buttons\">\n<div class=\"bde-social-share-button bde-social-share-button-mobile js-breakdance-share-mobile\">\n  <span class=\"bde-social-share-button-icon\">\n    <svg fill=\"none\" xmlns=\"http:\/\/www.w3.org\/2000\/svg\" viewbox=\"0 0 16 16\">\n      <path d=\"M11 2.5a2.5 2.5 0 1 1 .603 1.628l-6.718 3.12c.154.49.154 1.015 0 1.504l6.718 3.12a2.5 2.5 0 1 1-.488.876l-6.718-3.12a2.5 2.5 0 1 1 0-3.256l6.718-3.12A2.504 2.504 0 0 1 11 2.5Z\" fill=\"currentColor\"\/>\n    <\/svg>\n  <\/span>\n  <\/div>\n\n<div class=\"js-breakdance-share-button bde-social-share-button bde-social-share-button-linkedin\" data-network=\"LinkedIn\"  >\n    <span class=\"bde-social-share-button-icon\">\n        <svg aria-hidden=\"true\" focusable=\"false\" data-prefix=\"fab\" class=\"svg-inline--fa fa-linkedin fa-w-14\" role=\"img\" xmlns=\"http:\/\/www.w3.org\/2000\/svg\" viewbox=\"0 0 448 512\">\n      <path fill=\"currentColor\" d=\"M416 32H31.9C14.3 32 0 46.5 0 64.3v383.4C0 465.5 14.3 480 31.9 480H416c17.6 0 32-14.5 32-32.3V64.3c0-17.8-14.4-32.3-32-32.3zM135.4 416H69V202.2h66.5V416zm-33.2-243c-21.3 0-38.5-17.3-38.5-38.5S80.9 96 102.2 96c21.2 0 38.5 17.3 38.5 38.5 0 21.3-17.2 38.5-38.5 38.5zm282.1 243h-66.4V312c0-24.8-.5-56.7-34.5-56.7-34.6 0-39.9 27-39.9 54.9V416h-66.4V202.2h63.7v29.2h.9c8.9-16.8 30.6-34.5 62.9-34.5 67.2 0 79.7 44.3 79.7 101.9V416z\"><\/path>\n    <\/svg>\n      <\/span>\n    <\/div>\n\n<\/div>\n<\/div><h1 class=\"bde-heading-4802-345 bde-heading\">\nA customized modular stand: is it really possible?\n<\/h1><div class=\"bde-rich-text-4802-346 bde-rich-text breakdance-rich-text-styles\"><p>Les stands modulaires souffrent souvent d\u2019un pr\u00e9jug\u00e9 persistant : ils seraient standardis\u00e9s et peu personnalisables. Pourtant, la r\u00e9alit\u00e9 est bien diff\u00e9rente ! Chez Le Stand Modulaire, chaque projet est con\u00e7u sur mesure, en parfaite ad\u00e9quation avec l\u2019identit\u00e9 visuelle et les besoins sp\u00e9cifiques de l\u2019exposant. Alors, peut-on vraiment allier modularit\u00e9 et personnalisation ? La r\u00e9ponse est un grand oui !<\/p>\n<\/div>\n<\/div><div class=\"bde-column-4802-342 bde-column\">\n  \n  \n\t\n\n\n\n<div class=\"bde-basicslider-4802-343 bde-basicslider\">\n<div class=\"breakdance-swiper-wrapper\" data-swiper-id=\"343\">\n    <div class=\"swiper\">\n      <div class=\"swiper-wrapper\">\n      \n\t                    \n        <div class=\"swiper-slide\">\n          <div class=\"bde-basicslider__slide\">\n              <div class=\"bde-basicslider__content\">\n                                                <\/div>\n\n\t\t\t\t\t\t          <img decoding=\"async\" class=\"breakdance-image-object bde-basicslider__image\" src=\"https:\/\/www.lestandmodulaire.com\/wp-content\/uploads\/2025\/03\/le-stand-modulaire-delpharm-cphi-2024-208m2-02.jpg\" width=\"1250\" height=\"900\" srcset=\"https:\/\/www.lestandmodulaire.com\/wp-content\/uploads\/2025\/03\/le-stand-modulaire-delpharm-cphi-2024-208m2-02.jpg 1250w, https:\/\/www.lestandmodulaire.com\/wp-content\/uploads\/2025\/03\/le-stand-modulaire-delpharm-cphi-2024-208m2-02-300x216.jpg 300w, https:\/\/www.lestandmodulaire.com\/wp-content\/uploads\/2025\/03\/le-stand-modulaire-delpharm-cphi-2024-208m2-02-1024x737.jpg 1024w, https:\/\/www.lestandmodulaire.com\/wp-content\/uploads\/2025\/03\/le-stand-modulaire-delpharm-cphi-2024-208m2-02-768x553.jpg 768w, https:\/\/www.lestandmodulaire.com\/wp-content\/uploads\/2025\/03\/le-stand-modulaire-delpharm-cphi-2024-208m2-02-18x12.jpg 18w\" sizes=\"(max-width: 1250px) 100vw, 1250px\" alt=\"Vue int\u00e9rieure du stand modulaire Delpharm de 208 m\u00b2 sur le salon CPHI 2024\">\n\t\t\t\n          <\/div>\n        <\/div>\n       \n      <\/div>\n    <\/div>\n        \n            <div class=\"swiper-pagination\"><\/div>\n    \n<\/div>\n\n<\/div>\n<\/div><\/div><div class=\"bde-icon-4802-344 bde-icon\">\n\n    \n            <div class=\"bde-icon-icon breakdance-icon-atom\" >\n    \n                    <svg xmlns=\"http:\/\/www.w3.org\/2000\/svg\" width=\"138\" height=\"138\" viewbox=\"0 0 138 138\">\r\n  <g id=\"Groupe_6813\" data-name=\"Groupe 6813\" transform=\"translate(-885 -796)\">\r\n    <path id=\"Trac\u00e9_10782\" data-name=\"Trac\u00e9 10782\" d=\"M69,0A69,69,0,1,1,0,69,69,69,0,0,1,69,0Z\" transform=\"translate(885 796)\" fill=\"#faf5f2\"\/>\r\n    <g id=\"Groupe_6479\" data-name=\"Groupe 6479\" transform=\"translate(2338.254 -1559.489) rotate(45)\">\r\n      <line id=\"Ligne_358\" data-name=\"Ligne 358\" x2=\"37.472\" y2=\"37.457\" transform=\"translate(717.173 2674.641)\" fill=\"none\" stroke=\"#00414a\" stroke-width=\"2\"\/>\r\n      <path id=\"Trac\u00e9_10381\" data-name=\"Trac\u00e9 10381\" d=\"M-21487.914-9899v39.539h-39.367\" transform=\"translate(22243.01 12572.418)\" fill=\"none\" stroke=\"#00414a\" stroke-width=\"2\"\/>\r\n    <\/g>\r\n  <\/g>\r\n<\/svg>\n        \n        \n        \n            <\/div>\n    \n\n\n<\/div><\/div>\n<\/section><section class=\"bde-section-4802-132 bde-section de-reading-time-content\">\n  \n  \n\t\n\n\n\n<div class=\"section-container\"><div class=\"bde-div-4802-140 bde-div\">\n  \n  \n\t\n\n\n\n<div class=\"bde-rich-text-4802-289 bde-rich-text breakdance-rich-text-styles\">\n<h2>Un design <span style=\"color: #1ab993;\">personnalis\u00e9<\/span><\/h2>\n<\/div>\n<\/div><div class=\"bde-div-4802-162 bde-div\">\n  \n  \n\t\n\n\n\n<div class=\"bde-columns-4802-164 bde-columns\"><div class=\"bde-column-4802-168 bde-column\">\n  \n  \n\t\n\n\n\n<div class=\"bde-rich-text-4802-169 bde-rich-text breakdance-rich-text-styles\">\n<p>Contrairement aux id\u00e9es re\u00e7ues, un stand modulaire ne signifie pas un stand impersonnel. Gr\u00e2ce \u00e0 une vaste gamme de modules, de mat\u00e9riaux et d\u2019accessoires, il est possible de cr\u00e9er un espace enti\u00e8rement sur mesure.<\/p><p>\u00a0<\/p><ul><li><strong>Adaptation \u00e0 la charte graphique<\/strong> : couleurs, visuels, logos et typographies int\u00e9gr\u00e9s sur les supports.<\/li><li><strong>Modularit\u00e9 des formes et dimensions<\/strong> : ajout de structures, cloisons et habillages pour un rendu unique.<\/li><li><strong>Exp\u00e9rience immersive<\/strong> : int\u00e9gration de technologies (\u00e9crans, bornes interactives, \u00e9clairages dynamiques) pour capter l\u2019attention des visiteurs.<\/li><\/ul><p>\u00a0<\/p><p>Ainsi, chaque entreprise peut fa\u00e7onner un stand qui lui ressemble, sans aucune concession sur son image de marque.<\/p>\n<\/div>\n<\/div><\/div>\n<\/div><\/div>\n<\/section><section class=\"bde-section-4802-374 bde-section slider-agence\">\n  \n  \n\t\n\n\n\n<div class=\"section-container\"><div class=\"bde-advancedslider-4802-375 bde-advancedslider\">\n<div class=\"breakdance-swiper-wrapper\" data-swiper-id=\"375\">\n  <div class=\"swiper\">\n    <div class=\"swiper-wrapper\">\n      <div class=\"bde-advancedslide-4802-376 bde-advancedslide swiper-slide\"><div class=\"advanced-slider__slide\">\r\n  <div class=\"bde-image-4802-377 bde-image\">\n<figure class=\"breakdance-image breakdance-image--4745\">\n\t<div class=\"breakdance-image-container\">\n\t\t<div class=\"breakdance-image-clip\"><img decoding=\"async\" class=\"breakdance-image-object\" src=\"https:\/\/www.lestandmodulaire.com\/wp-content\/uploads\/2025\/03\/le-stand-modulaire-delpharm-cphi-2024-208m2-02.jpg\" width=\"1250\" height=\"900\" srcset=\"https:\/\/www.lestandmodulaire.com\/wp-content\/uploads\/2025\/03\/le-stand-modulaire-delpharm-cphi-2024-208m2-02.jpg 1250w, https:\/\/www.lestandmodulaire.com\/wp-content\/uploads\/2025\/03\/le-stand-modulaire-delpharm-cphi-2024-208m2-02-300x216.jpg 300w, https:\/\/www.lestandmodulaire.com\/wp-content\/uploads\/2025\/03\/le-stand-modulaire-delpharm-cphi-2024-208m2-02-1024x737.jpg 1024w, https:\/\/www.lestandmodulaire.com\/wp-content\/uploads\/2025\/03\/le-stand-modulaire-delpharm-cphi-2024-208m2-02-768x553.jpg 768w, https:\/\/www.lestandmodulaire.com\/wp-content\/uploads\/2025\/03\/le-stand-modulaire-delpharm-cphi-2024-208m2-02-18x12.jpg 18w\" sizes=\"(max-width: 1250px) 100vw, 1250px\"><\/div>\n\t<\/div><\/figure>\n\n<\/div>\r\n<\/div><\/div><div class=\"bde-advancedslide-4802-378 bde-advancedslide swiper-slide\"><div class=\"advanced-slider__slide\">\r\n  <div class=\"bde-image-4802-379 bde-image\">\n<figure class=\"breakdance-image breakdance-image--4749\">\n\t<div class=\"breakdance-image-container\">\n\t\t<div class=\"breakdance-image-clip\"><img decoding=\"async\" class=\"breakdance-image-object\" src=\"https:\/\/www.lestandmodulaire.com\/wp-content\/uploads\/2025\/03\/le-stand-modulaire-orisha-rent-2024-186m2-02.jpg\" width=\"1250\" height=\"900\" srcset=\"https:\/\/www.lestandmodulaire.com\/wp-content\/uploads\/2025\/03\/le-stand-modulaire-orisha-rent-2024-186m2-02.jpg 1250w, https:\/\/www.lestandmodulaire.com\/wp-content\/uploads\/2025\/03\/le-stand-modulaire-orisha-rent-2024-186m2-02-300x216.jpg 300w, https:\/\/www.lestandmodulaire.com\/wp-content\/uploads\/2025\/03\/le-stand-modulaire-orisha-rent-2024-186m2-02-1024x737.jpg 1024w, https:\/\/www.lestandmodulaire.com\/wp-content\/uploads\/2025\/03\/le-stand-modulaire-orisha-rent-2024-186m2-02-768x553.jpg 768w, https:\/\/www.lestandmodulaire.com\/wp-content\/uploads\/2025\/03\/le-stand-modulaire-orisha-rent-2024-186m2-02-18x12.jpg 18w\" sizes=\"(max-width: 1250px) 100vw, 1250px\"><\/div>\n\t<\/div><\/figure>\n\n<\/div>\r\n<\/div><\/div><div class=\"bde-advancedslide-4802-380 bde-advancedslide swiper-slide\"><div class=\"advanced-slider__slide\">\r\n  <div class=\"bde-image-4802-381 bde-image\">\n<figure class=\"breakdance-image breakdance-image--4686\">\n\t<div class=\"breakdance-image-container\">\n\t\t<div class=\"breakdance-image-clip\"><img decoding=\"async\" class=\"breakdance-image-object\" src=\"https:\/\/www.lestandmodulaire.com\/wp-content\/uploads\/2025\/03\/le-stand-modulaire-ubisoft-centre-commercial-2019-60m2-02.jpg\" width=\"1250\" height=\"900\" srcset=\"https:\/\/www.lestandmodulaire.com\/wp-content\/uploads\/2025\/03\/le-stand-modulaire-ubisoft-centre-commercial-2019-60m2-02.jpg 1250w, https:\/\/www.lestandmodulaire.com\/wp-content\/uploads\/2025\/03\/le-stand-modulaire-ubisoft-centre-commercial-2019-60m2-02-300x216.jpg 300w, https:\/\/www.lestandmodulaire.com\/wp-content\/uploads\/2025\/03\/le-stand-modulaire-ubisoft-centre-commercial-2019-60m2-02-1024x737.jpg 1024w, https:\/\/www.lestandmodulaire.com\/wp-content\/uploads\/2025\/03\/le-stand-modulaire-ubisoft-centre-commercial-2019-60m2-02-768x553.jpg 768w, https:\/\/www.lestandmodulaire.com\/wp-content\/uploads\/2025\/03\/le-stand-modulaire-ubisoft-centre-commercial-2019-60m2-02-18x12.jpg 18w\" sizes=\"(max-width: 1250px) 100vw, 1250px\"><\/div>\n\t<\/div><\/figure>\n\n<\/div>\r\n<\/div><\/div><div class=\"bde-advancedslide-4802-382 bde-advancedslide swiper-slide\"><div class=\"advanced-slider__slide\">\r\n  <div class=\"bde-image-4802-383 bde-image\">\n<figure class=\"breakdance-image breakdance-image--4678\">\n\t<div class=\"breakdance-image-container\">\n\t\t<div class=\"breakdance-image-clip\"><img decoding=\"async\" class=\"breakdance-image-object\" src=\"https:\/\/www.lestandmodulaire.com\/wp-content\/uploads\/2025\/03\/le-stand-modulaire-pineapple-santexpo-2024-30m2-01.jpg\" width=\"1250\" height=\"900\" srcset=\"https:\/\/www.lestandmodulaire.com\/wp-content\/uploads\/2025\/03\/le-stand-modulaire-pineapple-santexpo-2024-30m2-01.jpg 1250w, https:\/\/www.lestandmodulaire.com\/wp-content\/uploads\/2025\/03\/le-stand-modulaire-pineapple-santexpo-2024-30m2-01-300x216.jpg 300w, https:\/\/www.lestandmodulaire.com\/wp-content\/uploads\/2025\/03\/le-stand-modulaire-pineapple-santexpo-2024-30m2-01-1024x737.jpg 1024w, https:\/\/www.lestandmodulaire.com\/wp-content\/uploads\/2025\/03\/le-stand-modulaire-pineapple-santexpo-2024-30m2-01-768x553.jpg 768w, https:\/\/www.lestandmodulaire.com\/wp-content\/uploads\/2025\/03\/le-stand-modulaire-pineapple-santexpo-2024-30m2-01-18x12.jpg 18w\" sizes=\"(max-width: 1250px) 100vw, 1250px\"><\/div>\n\t<\/div><\/figure>\n\n<\/div>\r\n<\/div><\/div><div class=\"bde-advancedslide-4802-384 bde-advancedslide swiper-slide\"><div class=\"advanced-slider__slide\">\r\n  <div class=\"bde-image-4802-385 bde-image\">\n<figure class=\"breakdance-image breakdance-image--4644\">\n\t<div class=\"breakdance-image-container\">\n\t\t<div class=\"breakdance-image-clip\"><img decoding=\"async\" class=\"breakdance-image-object\" src=\"https:\/\/www.lestandmodulaire.com\/wp-content\/uploads\/2025\/03\/le-stand-modulaire-setec-pollutec-2018-36m2-01.jpg\" width=\"1250\" height=\"900\" srcset=\"https:\/\/www.lestandmodulaire.com\/wp-content\/uploads\/2025\/03\/le-stand-modulaire-setec-pollutec-2018-36m2-01.jpg 1250w, https:\/\/www.lestandmodulaire.com\/wp-content\/uploads\/2025\/03\/le-stand-modulaire-setec-pollutec-2018-36m2-01-300x216.jpg 300w, https:\/\/www.lestandmodulaire.com\/wp-content\/uploads\/2025\/03\/le-stand-modulaire-setec-pollutec-2018-36m2-01-1024x737.jpg 1024w, https:\/\/www.lestandmodulaire.com\/wp-content\/uploads\/2025\/03\/le-stand-modulaire-setec-pollutec-2018-36m2-01-768x553.jpg 768w, https:\/\/www.lestandmodulaire.com\/wp-content\/uploads\/2025\/03\/le-stand-modulaire-setec-pollutec-2018-36m2-01-18x12.jpg 18w\" sizes=\"(max-width: 1250px) 100vw, 1250px\"><\/div>\n\t<\/div><\/figure>\n\n<\/div>\r\n<\/div><\/div>\n    <\/div>\n  <\/div>\n\n              <div class=\"swiper-button-prev\">\n            <svg xmlns=\"http:\/\/www.w3.org\/2000\/svg\" width=\"29.892\" height=\"29.853\" viewbox=\"0 0 29.892 29.853\">\r\n  <g id=\"Fl\u00e8che_r\u00e9alisations\" data-name=\"Fl\u00e8che r\u00e9alisations\" transform=\"translate(0.039 0.708)\">\r\n    <g id=\"Groupe_6527\" data-name=\"Groupe 6527\" transform=\"translate(-2396.489 -1370.108) rotate(-45)\">\r\n      <line id=\"Ligne_358\" data-name=\"Ligne 358\" x2=\"19.099\" y2=\"19.091\" transform=\"translate(716.465 2674.042)\" fill=\"none\" stroke=\"#00414a\" stroke-width=\"2\"\/>\r\n      <path id=\"Trac\u00e9_10381\" data-name=\"Trac\u00e9 10381\" d=\"M-21507.217-9899v20.153h-20.064\" transform=\"translate(22243.01 12572.418)\" fill=\"none\" stroke=\"#00414a\" stroke-width=\"2\"\/>\r\n    <\/g>\r\n  <\/g>\r\n<\/svg>\n        <\/div>\n        <div class=\"swiper-button-next\">\n            <svg xmlns=\"http:\/\/www.w3.org\/2000\/svg\" width=\"29.892\" height=\"29.853\" viewbox=\"0 0 29.892 29.853\">\r\n  <g id=\"Fl\u00e8che_r\u00e9alisations\" data-name=\"Fl\u00e8che r\u00e9alisations\" transform=\"translate(0.039 0.708)\">\r\n    <g id=\"Groupe_6527\" data-name=\"Groupe 6527\" transform=\"translate(-2396.489 -1370.108) rotate(-45)\">\r\n      <line id=\"Ligne_358\" data-name=\"Ligne 358\" x2=\"19.099\" y2=\"19.091\" transform=\"translate(716.465 2674.042)\" fill=\"none\" stroke=\"#00414a\" stroke-width=\"2\"\/>\r\n      <path id=\"Trac\u00e9_10381\" data-name=\"Trac\u00e9 10381\" d=\"M-21507.217-9899v20.153h-20.064\" transform=\"translate(22243.01 12572.418)\" fill=\"none\" stroke=\"#00414a\" stroke-width=\"2\"\/>\r\n    <\/g>\r\n  <\/g>\r\n<\/svg>\n        <\/div>\n    \n            <div class=\"swiper-pagination\"><\/div>\n    \n<\/div>\n\n<\/div><\/div>\n<\/section><section class=\"bde-section-4802-280 bde-section de-reading-time-content\">\n  \n  \n\t\n\n\n\n<div class=\"section-container\"><div class=\"bde-div-4802-305 bde-div\">\n  \n  \n\t\n\n\n\n<div class=\"bde-rich-text-4802-306 bde-rich-text breakdance-rich-text-styles\">\n<h2>Une flexibilit\u00e9 <span style=\"color: #1ab993;\">sans limites<\/span><\/h2>\n<\/div>\n<\/div><div class=\"bde-div-4802-283 bde-div\">\n  \n  \n\t\n\n\n\n<div class=\"bde-columns-4802-284 bde-columns\"><div class=\"bde-column-4802-285 bde-column\">\n  \n  \n\t\n\n\n\n<div class=\"bde-rich-text-4802-286 bde-rich-text breakdance-rich-text-styles\">\n<p>L\u2019un des plus grands avantages du stand modulaire est sa capacit\u00e9 \u00e0 s\u2019adapter \u00e0 tous types d\u2019\u00e9v\u00e9nements et de configurations.<\/p><p>\u00a0<\/p><ul><li><strong>Un stand \u00e9volutif<\/strong> : il peut \u00eatre agrandi, r\u00e9duit ou remodel\u00e9 selon l\u2019espace disponible.<\/li><li><strong>Une logistique simplifi\u00e9e<\/strong> : d\u00e9montable et transportable facilement, il r\u00e9duit les contraintes de stockage et de d\u00e9placement.<\/li><li><strong>Des \u00e9l\u00e9ments sur-mesure int\u00e9grables<\/strong> : espaces de rangement, zones de d\u00e9monstration, \u00e9crans g\u00e9ants, podiums\u2026 Tout est pens\u00e9 pour une exp\u00e9rience fluide et impactante.<\/li><\/ul><p>\u00a0<\/p><p>Avec un stand modulaire, les entreprises ne sont plus limit\u00e9es par les contraintes techniques et peuvent s\u2019adapter \u00e0 chaque salon ou foire avec une solution cl\u00e9 en main.<\/p>\n<\/div>\n<\/div><\/div>\n<\/div><\/div>\n<\/section><section class=\"bde-section-4802-329 bde-section de-reading-time-content\">\n  \n  \n\t\n\n\n\n<div class=\"section-container\"><div class=\"bde-div-4802-332 bde-div\">\n  \n  \n\t\n\n\n\n<div class=\"bde-columns-4802-333 bde-columns\"><div class=\"bde-column-4802-334 bde-column\">\n  \n  \n\t\n\n\n\n<div class=\"bde-rich-text-4802-335 bde-rich-text breakdance-rich-text-styles\">\n<p><strong>Le stand modulaire sur-mesure n\u2019est pas seulement une possibilit\u00e9, c\u2019est une r\u00e9alit\u00e9. Il combine personnalisation, \u00e9volutivit\u00e9 et rentabilit\u00e9, ce qui en fait l\u2019avenir des expositions professionnelles. Pour se d\u00e9marquer tout en optimisant son investissement, le choix du modulaire est un pari gagnant.<\/strong><\/p>\n<\/div>\n<\/div><\/div>\n<\/div><\/div>\n<\/section><section class=\"bde-section-4802-347 bde-section\">\n  \n  \n\t\n\n\n\n<div class=\"section-container\"><div class=\"bde-div-4802-348 bde-div\">\n  \n  \n\t\n\n\n\n<h2 class=\"bde-heading-4802-349 bde-heading\">\nCes articles peuvent <br>vous int\u00e9resser\n<\/h2><div class=\"bde-post-loop-4802-350 bde-post-loop\"><div class=\"breakdance-swiper-wrapper\" data-swiper-id=\"350\"><div class=\"swiper\"><div class=\"bde-loop bde-loop-slider ee-posts ee-posts-slider swiper-wrapper\">    <article class=\"bde-loop-item ee-post swiper-slide\">\n        <div class='breakdance'><a class=\"bde-container-link-2898-107-5355-2898-1 bde-container-link bde-container-link-2898-107 breakdance-link\" href=\"https:\/\/www.lestandmodulaire.com\/en\/stand-modulaire-eco-responsable-comment-reduire-empreinte-carbone-salons-2\/\" target=\"_self\" data-type=\"url\">\n  \n  \n\t\n\n\n\n<div class=\"bde-div-2898-108-5355-2898-1 bde-div bde-div-2898-108\">\n  \n  \n\t\n\n\n\n<div class=\"bde-div-2898-109-5355-2898-1 bde-div bde-div-2898-109\">\n  \n  \n\t\n\n\n\n<img decoding=\"async\" class=\"bde-image2-2898-110-5355-2898-1 bde-image2 bde-image2-2898-110\" src=\"https:\/\/www.lestandmodulaire.com\/wp-content\/uploads\/2025\/10\/le-stand-modulaire-evolutif-upcoop-12m\u00b2-02.jpg\" alt=\"Stand modulaire Upcoop de 12 m\u00b2 au salon Evolutif 2025\" loading=\"lazy\" srcset=\"https:\/\/www.lestandmodulaire.com\/wp-content\/uploads\/2025\/10\/le-stand-modulaire-evolutif-upcoop-12m\u00b2-02.jpg 1250w, https:\/\/www.lestandmodulaire.com\/wp-content\/uploads\/2025\/10\/le-stand-modulaire-evolutif-upcoop-12m\u00b2-02-300x216.jpg 300w, https:\/\/www.lestandmodulaire.com\/wp-content\/uploads\/2025\/10\/le-stand-modulaire-evolutif-upcoop-12m\u00b2-02-1024x737.jpg 1024w, https:\/\/www.lestandmodulaire.com\/wp-content\/uploads\/2025\/10\/le-stand-modulaire-evolutif-upcoop-12m\u00b2-02-768x553.jpg 768w, https:\/\/www.lestandmodulaire.com\/wp-content\/uploads\/2025\/10\/le-stand-modulaire-evolutif-upcoop-12m\u00b2-02-18x12.jpg 18w\" sizes=\"(max-width: 1250px) 100vw, 1250px\">\n<\/div><div class=\"bde-div-2898-111-5355-2898-1 bde-div bde-div-2898-111\">\n  \n  \n\t\n\n\n\n<div class=\"bde-div-2898-112-5355-2898-1 bde-div block-realisation-post-meta bde-div-2898-112\">\n  \n  \n\t\n\n\n\n<ul class=\"bde-post-meta-2898-129-5355-2898-1 bde-post-meta bde-post-meta-2898-129\"><li class=\"ee-postmeta-terms-wrap\"><span class=\"ee-postmeta-term\">Tips<\/span><\/li><\/ul>\n<\/div>\n<\/div><div class=\"bde-div-2898-118-5355-2898-1 bde-div bde-div-2898-118\">\n  \n  \n\t\n\n\n\n<ul class=\"bde-post-meta-2898-119-5355-2898-1 bde-post-meta bde-post-meta-2898-119\"><li class=\"ee-postmeta-terms-wrap\"><span class=\"ee-postmeta-term\">Tips<\/span><\/li>            <li class=\"ee-postmeta-date-wrap\">\n                                                        <span class=\"ee-postmeta-date\">27 April 2026<\/span>\n                                <\/li>\n            <\/ul><div class=\"bde-div-2898-128-5355-2898-1 bde-div bde-div-2898-128\">\n  \n  \n\t\n\n\n\n<h3 class=\"bde-heading-2898-120-5355-2898-1 bde-heading bde-heading-2898-120\">Optimiser sa strat\u00e9gie salon multi-\u00e9v\u00e9nements gr\u00e2ce au stand modulaire<\/h3><div class=\"bde-code-block-2898-126-5355-2898-1 bde-code-block bde-code-block-2898-126\">\n\n  <p class=\"custom-excerpt\">Le stand modulaire permet \u00e0 une entreprise de participer \u00e0 plusieurs salons par an avec un seul dispositif reconfigurable :...<\/p>\t\n\n\n<\/div><div class=\"bde-div-2898-124-5355-2898-1 bde-div bde-div-2898-124\">\n  \n  \n\t\n\n\n\n<div class=\"bde-text-2898-123-5355-2898-1 bde-text bde-text-2898-123\">\nRead more\n<\/div><div class=\"bde-icon-2898-125-5355-2898-1 bde-icon bde-icon-2898-125\">\n\n    \n            <div class=\"bde-icon-icon breakdance-icon-atom\" >\n    \n                    <svg xmlns=\"http:\/\/www.w3.org\/2000\/svg\" viewbox=\"0 0 448 512\"><!--! Font Awesome Pro 6.7.2 by @fontawesome - https:\/\/fontawesome.com License - https:\/\/fontawesome.com\/license (Commercial License) Copyright 2024 Fonticons, Inc. --><path d=\"M443.3 267.3c6.2-6.2 6.2-16.4 0-22.6l-176-176c-6.2-6.2-16.4-6.2-22.6 0s-6.2 16.4 0 22.6L393.4 240 16 240c-8.8 0-16 7.2-16 16s7.2 16 16 16l377.4 0L244.7 420.7c-6.2 6.2-6.2 16.4 0 22.6s16.4 6.2 22.6 0l176-176z\"\/><\/svg>\n        \n        \n        \n            <\/div>\n    \n\n\n<\/div>\n<\/div>\n<\/div>\n<\/div>\n<\/div>\n\n<\/a><\/div>    <\/article>\n    <article class=\"bde-loop-item ee-post swiper-slide\">\n        <div class='breakdance'><a class=\"bde-container-link-2898-107-5334-2898-1 bde-container-link bde-container-link-2898-107 breakdance-link\" href=\"https:\/\/www.lestandmodulaire.com\/en\/stand-modulaire-eco-responsable-comment-reduire-empreinte-carbone-salons\/\" target=\"_self\" data-type=\"url\">\n  \n  \n\t\n\n\n\n<div class=\"bde-div-2898-108-5334-2898-1 bde-div bde-div-2898-108\">\n  \n  \n\t\n\n\n\n<div class=\"bde-div-2898-109-5334-2898-1 bde-div bde-div-2898-109\">\n  \n  \n\t\n\n\n\n<img decoding=\"async\" class=\"bde-image2-2898-110-5334-2898-1 bde-image2 bde-image2-2898-110\" src=\"https:\/\/www.lestandmodulaire.com\/wp-content\/uploads\/2026\/03\/le-stand-modulaire-realisation-dsm-fiermenish-cfia-21m\u00b2-2026-02.jpg\" alt=\"Stand modulaire DSM Fiermenish de 32 m\u00b2 au salon CFIA 2026 vue de c\u00f4t\u00e9\" loading=\"lazy\" srcset=\"https:\/\/www.lestandmodulaire.com\/wp-content\/uploads\/2026\/03\/le-stand-modulaire-realisation-dsm-fiermenish-cfia-21m\u00b2-2026-02.jpg 2048w, https:\/\/www.lestandmodulaire.com\/wp-content\/uploads\/2026\/03\/le-stand-modulaire-realisation-dsm-fiermenish-cfia-21m\u00b2-2026-02-300x200.jpg 300w, https:\/\/www.lestandmodulaire.com\/wp-content\/uploads\/2026\/03\/le-stand-modulaire-realisation-dsm-fiermenish-cfia-21m\u00b2-2026-02-1024x683.jpg 1024w, https:\/\/www.lestandmodulaire.com\/wp-content\/uploads\/2026\/03\/le-stand-modulaire-realisation-dsm-fiermenish-cfia-21m\u00b2-2026-02-768x512.jpg 768w, https:\/\/www.lestandmodulaire.com\/wp-content\/uploads\/2026\/03\/le-stand-modulaire-realisation-dsm-fiermenish-cfia-21m\u00b2-2026-02-1536x1024.jpg 1536w, https:\/\/www.lestandmodulaire.com\/wp-content\/uploads\/2026\/03\/le-stand-modulaire-realisation-dsm-fiermenish-cfia-21m\u00b2-2026-02-18x12.jpg 18w\" sizes=\"(max-width: 2048px) 100vw, 2048px\">\n<\/div><div class=\"bde-div-2898-111-5334-2898-1 bde-div bde-div-2898-111\">\n  \n  \n\t\n\n\n\n<div class=\"bde-div-2898-112-5334-2898-1 bde-div block-realisation-post-meta bde-div-2898-112\">\n  \n  \n\t\n\n\n\n<ul class=\"bde-post-meta-2898-129-5334-2898-1 bde-post-meta bde-post-meta-2898-129\"><li class=\"ee-postmeta-terms-wrap\"><span class=\"ee-postmeta-term\">Tips<\/span><\/li><\/ul>\n<\/div>\n<\/div><div class=\"bde-div-2898-118-5334-2898-1 bde-div bde-div-2898-118\">\n  \n  \n\t\n\n\n\n<ul class=\"bde-post-meta-2898-119-5334-2898-1 bde-post-meta bde-post-meta-2898-119\"><li class=\"ee-postmeta-terms-wrap\"><span class=\"ee-postmeta-term\">Tips<\/span><\/li>            <li class=\"ee-postmeta-date-wrap\">\n                                                        <span class=\"ee-postmeta-date\">10 March 2026<\/span>\n                                <\/li>\n            <\/ul><div class=\"bde-div-2898-128-5334-2898-1 bde-div bde-div-2898-128\">\n  \n  \n\t\n\n\n\n<h3 class=\"bde-heading-2898-120-5334-2898-1 bde-heading bde-heading-2898-120\">Stand modulaire \u00e9co-responsable : comment r\u00e9duire l&#8217;empreinte carbone de vos salons ?<\/h3><div class=\"bde-code-block-2898-126-5334-2898-1 bde-code-block bde-code-block-2898-126\">\n\n  <p class=\"custom-excerpt\">Un stand modulaire r\u00e9duit l'empreinte carbone d'une participation salon en limitant la production de d\u00e9chets, en optimisant le transport et...<\/p>\t\n\n\n<\/div><div class=\"bde-div-2898-124-5334-2898-1 bde-div bde-div-2898-124\">\n  \n  \n\t\n\n\n\n<div class=\"bde-text-2898-123-5334-2898-1 bde-text bde-text-2898-123\">\nRead more\n<\/div><div class=\"bde-icon-2898-125-5334-2898-1 bde-icon bde-icon-2898-125\">\n\n    \n            <div class=\"bde-icon-icon breakdance-icon-atom\" >\n    \n                    <svg xmlns=\"http:\/\/www.w3.org\/2000\/svg\" viewbox=\"0 0 448 512\"><!--! Font Awesome Pro 6.7.2 by @fontawesome - https:\/\/fontawesome.com License - https:\/\/fontawesome.com\/license (Commercial License) Copyright 2024 Fonticons, Inc. --><path d=\"M443.3 267.3c6.2-6.2 6.2-16.4 0-22.6l-176-176c-6.2-6.2-16.4-6.2-22.6 0s-6.2 16.4 0 22.6L393.4 240 16 240c-8.8 0-16 7.2-16 16s7.2 16 16 16l377.4 0L244.7 420.7c-6.2 6.2-6.2 16.4 0 22.6s16.4 6.2 22.6 0l176-176z\"\/><\/svg>\n        \n        \n        \n            <\/div>\n    \n\n\n<\/div>\n<\/div>\n<\/div>\n<\/div>\n<\/div>\n\n<\/a><\/div>    <\/article>\n    <article class=\"bde-loop-item ee-post swiper-slide\">\n        <div class='breakdance'><a class=\"bde-container-link-2898-107-5315-2898-1 bde-container-link bde-container-link-2898-107 breakdance-link\" href=\"https:\/\/www.lestandmodulaire.com\/en\/comment-concevoir-un-stand-moduaire-impactant-et-personalise\/\" target=\"_self\" data-type=\"url\">\n  \n  \n\t\n\n\n\n<div class=\"bde-div-2898-108-5315-2898-1 bde-div bde-div-2898-108\">\n  \n  \n\t\n\n\n\n<div class=\"bde-div-2898-109-5315-2898-1 bde-div bde-div-2898-109\">\n  \n  \n\t\n\n\n\n<img decoding=\"async\" class=\"bde-image2-2898-110-5315-2898-1 bde-image2 bde-image2-2898-110\" src=\"https:\/\/www.lestandmodulaire.com\/wp-content\/uploads\/2026\/03\/le-stand-modulaire-realisation-work-with-island-workspace-91m\u00b2-2026-05.jpg\" alt=\"Stand modulaire Work With Island de 91 m\u00b2 au salon Workspace 2026 vue de c\u00f4t\u00e9\" loading=\"lazy\" srcset=\"https:\/\/www.lestandmodulaire.com\/wp-content\/uploads\/2026\/03\/le-stand-modulaire-realisation-work-with-island-workspace-91m\u00b2-2026-05.jpg 1250w, https:\/\/www.lestandmodulaire.com\/wp-content\/uploads\/2026\/03\/le-stand-modulaire-realisation-work-with-island-workspace-91m\u00b2-2026-05-300x216.jpg 300w, https:\/\/www.lestandmodulaire.com\/wp-content\/uploads\/2026\/03\/le-stand-modulaire-realisation-work-with-island-workspace-91m\u00b2-2026-05-1024x737.jpg 1024w, https:\/\/www.lestandmodulaire.com\/wp-content\/uploads\/2026\/03\/le-stand-modulaire-realisation-work-with-island-workspace-91m\u00b2-2026-05-768x553.jpg 768w, https:\/\/www.lestandmodulaire.com\/wp-content\/uploads\/2026\/03\/le-stand-modulaire-realisation-work-with-island-workspace-91m\u00b2-2026-05-18x12.jpg 18w\" sizes=\"(max-width: 1250px) 100vw, 1250px\">\n<\/div><div class=\"bde-div-2898-111-5315-2898-1 bde-div bde-div-2898-111\">\n  \n  \n\t\n\n\n\n<div class=\"bde-div-2898-112-5315-2898-1 bde-div block-realisation-post-meta bde-div-2898-112\">\n  \n  \n\t\n\n\n\n<ul class=\"bde-post-meta-2898-129-5315-2898-1 bde-post-meta bde-post-meta-2898-129\"><li class=\"ee-postmeta-terms-wrap\"><span class=\"ee-postmeta-term\">Tips<\/span><\/li><\/ul>\n<\/div>\n<\/div><div class=\"bde-div-2898-118-5315-2898-1 bde-div bde-div-2898-118\">\n  \n  \n\t\n\n\n\n<ul class=\"bde-post-meta-2898-119-5315-2898-1 bde-post-meta bde-post-meta-2898-119\"><li class=\"ee-postmeta-terms-wrap\"><span class=\"ee-postmeta-term\">Tips<\/span><\/li>            <li class=\"ee-postmeta-date-wrap\">\n                                                        <span class=\"ee-postmeta-date\">17 February 2026<\/span>\n                                <\/li>\n            <\/ul><div class=\"bde-div-2898-128-5315-2898-1 bde-div bde-div-2898-128\">\n  \n  \n\t\n\n\n\n<h3 class=\"bde-heading-2898-120-5315-2898-1 bde-heading bde-heading-2898-120\">Comment concevoir un stand modulaire impactant et personnalis\u00e9 ?<\/h3><div class=\"bde-code-block-2898-126-5315-2898-1 bde-code-block bde-code-block-2898-126\">\n\n  <p class=\"custom-excerpt\">Un stand modulaire est une structure d\u2019exposition compos\u00e9e d\u2019\u00e9l\u00e9ments r\u00e9utilisables et reconfigurables permettant d\u2019adapter un m\u00eame dispositif \u00e0 diff\u00e9rentes surfaces...<\/p>\t\n\n\n<\/div><div class=\"bde-div-2898-124-5315-2898-1 bde-div bde-div-2898-124\">\n  \n  \n\t\n\n\n\n<div class=\"bde-text-2898-123-5315-2898-1 bde-text bde-text-2898-123\">\nRead more\n<\/div><div class=\"bde-icon-2898-125-5315-2898-1 bde-icon bde-icon-2898-125\">\n\n    \n            <div class=\"bde-icon-icon breakdance-icon-atom\" >\n    \n                    <svg xmlns=\"http:\/\/www.w3.org\/2000\/svg\" viewbox=\"0 0 448 512\"><!--! Font Awesome Pro 6.7.2 by @fontawesome - https:\/\/fontawesome.com License - https:\/\/fontawesome.com\/license (Commercial License) Copyright 2024 Fonticons, Inc. --><path d=\"M443.3 267.3c6.2-6.2 6.2-16.4 0-22.6l-176-176c-6.2-6.2-16.4-6.2-22.6 0s-6.2 16.4 0 22.6L393.4 240 16 240c-8.8 0-16 7.2-16 16s7.2 16 16 16l377.4 0L244.7 420.7c-6.2 6.2-6.2 16.4 0 22.6s16.4 6.2 22.6 0l176-176z\"\/><\/svg>\n        \n        \n        \n            <\/div>\n    \n\n\n<\/div>\n<\/div>\n<\/div>\n<\/div>\n<\/div>\n\n<\/a><\/div>    <\/article>\n    <article class=\"bde-loop-item ee-post swiper-slide\">\n        <div class='breakdance'><a class=\"bde-container-link-2898-107-5258-2898-1 bde-container-link bde-container-link-2898-107 breakdance-link\" href=\"https:\/\/www.lestandmodulaire.com\/en\/stand-modulaire-en-2026-comment-concilier-image-premium-flexibilite-et-rentabilite\/\" target=\"_self\" data-type=\"url\">\n  \n  \n\t\n\n\n\n<div class=\"bde-div-2898-108-5258-2898-1 bde-div bde-div-2898-108\">\n  \n  \n\t\n\n\n\n<div class=\"bde-div-2898-109-5258-2898-1 bde-div bde-div-2898-109\">\n  \n  \n\t\n\n\n\n<img decoding=\"async\" class=\"bde-image2-2898-110-5258-2898-1 bde-image2 bde-image2-2898-110\" src=\"https:\/\/www.lestandmodulaire.com\/wp-content\/uploads\/2026\/02\/le-stand-modulaire-realisation-endresshauser-hyvolution-48m2-2026-01.jpg\" alt=\"Stand modulaire Endress+Hauser de 48 m\u00b2 au salon Hyvolution 2026 vue de c\u00f4t\u00e9\" loading=\"lazy\" srcset=\"https:\/\/www.lestandmodulaire.com\/wp-content\/uploads\/2026\/02\/le-stand-modulaire-realisation-endresshauser-hyvolution-48m2-2026-01.jpg 1250w, https:\/\/www.lestandmodulaire.com\/wp-content\/uploads\/2026\/02\/le-stand-modulaire-realisation-endresshauser-hyvolution-48m2-2026-01-300x216.jpg 300w, https:\/\/www.lestandmodulaire.com\/wp-content\/uploads\/2026\/02\/le-stand-modulaire-realisation-endresshauser-hyvolution-48m2-2026-01-1024x737.jpg 1024w, https:\/\/www.lestandmodulaire.com\/wp-content\/uploads\/2026\/02\/le-stand-modulaire-realisation-endresshauser-hyvolution-48m2-2026-01-768x553.jpg 768w, https:\/\/www.lestandmodulaire.com\/wp-content\/uploads\/2026\/02\/le-stand-modulaire-realisation-endresshauser-hyvolution-48m2-2026-01-18x12.jpg 18w\" sizes=\"(max-width: 1250px) 100vw, 1250px\">\n<\/div><div class=\"bde-div-2898-111-5258-2898-1 bde-div bde-div-2898-111\">\n  \n  \n\t\n\n\n\n<div class=\"bde-div-2898-112-5258-2898-1 bde-div block-realisation-post-meta bde-div-2898-112\">\n  \n  \n\t\n\n\n\n<ul class=\"bde-post-meta-2898-129-5258-2898-1 bde-post-meta bde-post-meta-2898-129\"><li class=\"ee-postmeta-terms-wrap\"><span class=\"ee-postmeta-term\">Tips<\/span><\/li><\/ul>\n<\/div>\n<\/div><div class=\"bde-div-2898-118-5258-2898-1 bde-div bde-div-2898-118\">\n  \n  \n\t\n\n\n\n<ul class=\"bde-post-meta-2898-119-5258-2898-1 bde-post-meta bde-post-meta-2898-119\"><li class=\"ee-postmeta-terms-wrap\"><span class=\"ee-postmeta-term\">Tips<\/span><\/li>            <li class=\"ee-postmeta-date-wrap\">\n                                                        <span class=\"ee-postmeta-date\">13 January 2026<\/span>\n                                <\/li>\n            <\/ul><div class=\"bde-div-2898-128-5258-2898-1 bde-div bde-div-2898-128\">\n  \n  \n\t\n\n\n\n<h3 class=\"bde-heading-2898-120-5258-2898-1 bde-heading bde-heading-2898-120\">Stand modulaire en 2026 : comment concilier image premium, flexibilit\u00e9 et rentabilit\u00e9 ?<\/h3><div class=\"bde-code-block-2898-126-5258-2898-1 bde-code-block bde-code-block-2898-126\">\n\n  <p class=\"custom-excerpt\">En 2026, le modulaire n\u2019est plus per\u00e7u comme une solution alternative ou \u00e9conomique. Il est devenu un outil strat\u00e9gique \u00e0...<\/p>\t\n\n\n<\/div><div class=\"bde-div-2898-124-5258-2898-1 bde-div bde-div-2898-124\">\n  \n  \n\t\n\n\n\n<div class=\"bde-text-2898-123-5258-2898-1 bde-text bde-text-2898-123\">\nRead more\n<\/div><div class=\"bde-icon-2898-125-5258-2898-1 bde-icon bde-icon-2898-125\">\n\n    \n            <div class=\"bde-icon-icon breakdance-icon-atom\" >\n    \n                    <svg xmlns=\"http:\/\/www.w3.org\/2000\/svg\" viewbox=\"0 0 448 512\"><!--! Font Awesome Pro 6.7.2 by @fontawesome - https:\/\/fontawesome.com License - https:\/\/fontawesome.com\/license (Commercial License) Copyright 2024 Fonticons, Inc. --><path d=\"M443.3 267.3c6.2-6.2 6.2-16.4 0-22.6l-176-176c-6.2-6.2-16.4-6.2-22.6 0s-6.2 16.4 0 22.6L393.4 240 16 240c-8.8 0-16 7.2-16 16s7.2 16 16 16l377.4 0L244.7 420.7c-6.2 6.2-6.2 16.4 0 22.6s16.4 6.2 22.6 0l176-176z\"\/><\/svg>\n        \n        \n        \n            <\/div>\n    \n\n\n<\/div>\n<\/div>\n<\/div>\n<\/div>\n<\/div>\n\n<\/a><\/div>    <\/article>\n    <article class=\"bde-loop-item ee-post swiper-slide\">\n        <div class='breakdance'><a class=\"bde-container-link-2898-107-5246-2898-1 bde-container-link bde-container-link-2898-107 breakdance-link\" href=\"https:\/\/www.lestandmodulaire.com\/en\/marche-dy-stand-exposition-pourquoi-le-modulaire-devient-strategique\/\" target=\"_self\" data-type=\"url\">\n  \n  \n\t\n\n\n\n<div class=\"bde-div-2898-108-5246-2898-1 bde-div bde-div-2898-108\">\n  \n  \n\t\n\n\n\n<div class=\"bde-div-2898-109-5246-2898-1 bde-div bde-div-2898-109\">\n  \n  \n\t\n\n\n\n<img decoding=\"async\" class=\"bde-image2-2898-110-5246-2898-1 bde-image2 bde-image2-2898-110\" src=\"https:\/\/www.lestandmodulaire.com\/wp-content\/uploads\/2025\/12\/le-stand-modulaire-article-marche-stand-modulaire-2026-01.jpg\" alt=\"Hall d&#039;un salon professionnel\" loading=\"lazy\" srcset=\"https:\/\/www.lestandmodulaire.com\/wp-content\/uploads\/2025\/12\/le-stand-modulaire-article-marche-stand-modulaire-2026-01.jpg 1920w, https:\/\/www.lestandmodulaire.com\/wp-content\/uploads\/2025\/12\/le-stand-modulaire-article-marche-stand-modulaire-2026-01-300x169.jpg 300w, https:\/\/www.lestandmodulaire.com\/wp-content\/uploads\/2025\/12\/le-stand-modulaire-article-marche-stand-modulaire-2026-01-1024x576.jpg 1024w, https:\/\/www.lestandmodulaire.com\/wp-content\/uploads\/2025\/12\/le-stand-modulaire-article-marche-stand-modulaire-2026-01-768x432.jpg 768w, https:\/\/www.lestandmodulaire.com\/wp-content\/uploads\/2025\/12\/le-stand-modulaire-article-marche-stand-modulaire-2026-01-1536x864.jpg 1536w, https:\/\/www.lestandmodulaire.com\/wp-content\/uploads\/2025\/12\/le-stand-modulaire-article-marche-stand-modulaire-2026-01-18x10.jpg 18w\" sizes=\"(max-width: 1920px) 100vw, 1920px\">\n<\/div><div class=\"bde-div-2898-111-5246-2898-1 bde-div bde-div-2898-111\">\n  \n  \n\t\n\n\n\n<div class=\"bde-div-2898-112-5246-2898-1 bde-div block-realisation-post-meta bde-div-2898-112\">\n  \n  \n\t\n\n\n\n<ul class=\"bde-post-meta-2898-129-5246-2898-1 bde-post-meta bde-post-meta-2898-129\"><li class=\"ee-postmeta-terms-wrap\"><span class=\"ee-postmeta-term\">Trends<\/span><\/li><\/ul>\n<\/div>\n<\/div><div class=\"bde-div-2898-118-5246-2898-1 bde-div bde-div-2898-118\">\n  \n  \n\t\n\n\n\n<ul class=\"bde-post-meta-2898-119-5246-2898-1 bde-post-meta bde-post-meta-2898-119\"><li class=\"ee-postmeta-terms-wrap\"><span class=\"ee-postmeta-term\">Trends<\/span><\/li>            <li class=\"ee-postmeta-date-wrap\">\n                                                        <span class=\"ee-postmeta-date\">18 December 2025<\/span>\n                                <\/li>\n            <\/ul><div class=\"bde-div-2898-128-5246-2898-1 bde-div bde-div-2898-128\">\n  \n  \n\t\n\n\n\n<h3 class=\"bde-heading-2898-120-5246-2898-1 bde-heading bde-heading-2898-120\">Le march\u00e9 du stand d\u2019exposition en pleine mutation : pourquoi le modulaire devient strat\u00e9gique ?<\/h3><div class=\"bde-code-block-2898-126-5246-2898-1 bde-code-block bde-code-block-2898-126\">\n\n  <p class=\"custom-excerpt\">Le stand modulaire devient strat\u00e9gique lorsque l\u2019entreprise participe \u00e0 plusieurs salons dans l\u2019ann\u00e9e. Il permet de r\u00e9duire les co\u00fbts sur...<\/p>\t\n\n\n<\/div><div class=\"bde-div-2898-124-5246-2898-1 bde-div bde-div-2898-124\">\n  \n  \n\t\n\n\n\n<div class=\"bde-text-2898-123-5246-2898-1 bde-text bde-text-2898-123\">\nRead more\n<\/div><div class=\"bde-icon-2898-125-5246-2898-1 bde-icon bde-icon-2898-125\">\n\n    \n            <div class=\"bde-icon-icon breakdance-icon-atom\" >\n    \n                    <svg xmlns=\"http:\/\/www.w3.org\/2000\/svg\" viewbox=\"0 0 448 512\"><!--! Font Awesome Pro 6.7.2 by @fontawesome - https:\/\/fontawesome.com License - https:\/\/fontawesome.com\/license (Commercial License) Copyright 2024 Fonticons, Inc. --><path d=\"M443.3 267.3c6.2-6.2 6.2-16.4 0-22.6l-176-176c-6.2-6.2-16.4-6.2-22.6 0s-6.2 16.4 0 22.6L393.4 240 16 240c-8.8 0-16 7.2-16 16s7.2 16 16 16l377.4 0L244.7 420.7c-6.2 6.2-6.2 16.4 0 22.6s16.4 6.2 22.6 0l176-176z\"\/><\/svg>\n        \n        \n        \n            <\/div>\n    \n\n\n<\/div>\n<\/div>\n<\/div>\n<\/div>\n<\/div>\n\n<\/a><\/div>    <\/article>\n    <article class=\"bde-loop-item ee-post swiper-slide\">\n        <div class='breakdance'><a class=\"bde-container-link-2898-107-5241-2898-1 bde-container-link bde-container-link-2898-107 breakdance-link\" href=\"https:\/\/www.lestandmodulaire.com\/en\/stand-modulaire-definition-fonctionnement-et-avantages-pour-les-salons-professionnels\/\" target=\"_self\" data-type=\"url\">\n  \n  \n\t\n\n\n\n<div class=\"bde-div-2898-108-5241-2898-1 bde-div bde-div-2898-108\">\n  \n  \n\t\n\n\n\n<div class=\"bde-div-2898-109-5241-2898-1 bde-div bde-div-2898-109\">\n  \n  \n\t\n\n\n\n<img decoding=\"async\" class=\"bde-image2-2898-110-5241-2898-1 bde-image2 bde-image2-2898-110\" src=\"https:\/\/www.lestandmodulaire.com\/wp-content\/uploads\/2026\/02\/le-stand-modulaire-smeg-porshe-retromobile-2026-03.jpg\" alt=\"Stand modulaire Smeg x Porshe de 66 m\u00b2 au salon R\u00e9tromobile 2026 vue de c\u00f4t\u00e9\" loading=\"lazy\" srcset=\"https:\/\/www.lestandmodulaire.com\/wp-content\/uploads\/2026\/02\/le-stand-modulaire-smeg-porshe-retromobile-2026-03.jpg 1250w, https:\/\/www.lestandmodulaire.com\/wp-content\/uploads\/2026\/02\/le-stand-modulaire-smeg-porshe-retromobile-2026-03-300x216.jpg 300w, https:\/\/www.lestandmodulaire.com\/wp-content\/uploads\/2026\/02\/le-stand-modulaire-smeg-porshe-retromobile-2026-03-1024x737.jpg 1024w, https:\/\/www.lestandmodulaire.com\/wp-content\/uploads\/2026\/02\/le-stand-modulaire-smeg-porshe-retromobile-2026-03-768x553.jpg 768w, https:\/\/www.lestandmodulaire.com\/wp-content\/uploads\/2026\/02\/le-stand-modulaire-smeg-porshe-retromobile-2026-03-18x12.jpg 18w\" sizes=\"(max-width: 1250px) 100vw, 1250px\">\n<\/div><div class=\"bde-div-2898-111-5241-2898-1 bde-div bde-div-2898-111\">\n  \n  \n\t\n\n\n\n<div class=\"bde-div-2898-112-5241-2898-1 bde-div block-realisation-post-meta bde-div-2898-112\">\n  \n  \n\t\n\n\n\n<ul class=\"bde-post-meta-2898-129-5241-2898-1 bde-post-meta bde-post-meta-2898-129\"><li class=\"ee-postmeta-terms-wrap\"><span class=\"ee-postmeta-term\">Tips<\/span><\/li><\/ul>\n<\/div>\n<\/div><div class=\"bde-div-2898-118-5241-2898-1 bde-div bde-div-2898-118\">\n  \n  \n\t\n\n\n\n<ul class=\"bde-post-meta-2898-119-5241-2898-1 bde-post-meta bde-post-meta-2898-119\"><li class=\"ee-postmeta-terms-wrap\"><span class=\"ee-postmeta-term\">Tips<\/span><\/li>            <li class=\"ee-postmeta-date-wrap\">\n                                                        <span class=\"ee-postmeta-date\">07 November 2025<\/span>\n                                <\/li>\n            <\/ul><div class=\"bde-div-2898-128-5241-2898-1 bde-div bde-div-2898-128\">\n  \n  \n\t\n\n\n\n<h3 class=\"bde-heading-2898-120-5241-2898-1 bde-heading bde-heading-2898-120\">Stand modulaire : d\u00e9finition, fonctionnement et avantages pour les salons professionnels<\/h3><div class=\"bde-code-block-2898-126-5241-2898-1 bde-code-block bde-code-block-2898-126\">\n\n  <p class=\"custom-excerpt\">Un stand modulaire est une structure d\u2019exposition compos\u00e9e d\u2019\u00e9l\u00e9ments r\u00e9utilisables et reconfigurables permettant d\u2019adapter un m\u00eame dispositif \u00e0 diff\u00e9rentes surfaces...<\/p>\t\n\n\n<\/div><div class=\"bde-div-2898-124-5241-2898-1 bde-div bde-div-2898-124\">\n  \n  \n\t\n\n\n\n<div class=\"bde-text-2898-123-5241-2898-1 bde-text bde-text-2898-123\">\nRead more\n<\/div><div class=\"bde-icon-2898-125-5241-2898-1 bde-icon bde-icon-2898-125\">\n\n    \n            <div class=\"bde-icon-icon breakdance-icon-atom\" >\n    \n                    <svg xmlns=\"http:\/\/www.w3.org\/2000\/svg\" viewbox=\"0 0 448 512\"><!--! Font Awesome Pro 6.7.2 by @fontawesome - https:\/\/fontawesome.com License - https:\/\/fontawesome.com\/license (Commercial License) Copyright 2024 Fonticons, Inc. --><path d=\"M443.3 267.3c6.2-6.2 6.2-16.4 0-22.6l-176-176c-6.2-6.2-16.4-6.2-22.6 0s-6.2 16.4 0 22.6L393.4 240 16 240c-8.8 0-16 7.2-16 16s7.2 16 16 16l377.4 0L244.7 420.7c-6.2 6.2-6.2 16.4 0 22.6s16.4 6.2 22.6 0l176-176z\"\/><\/svg>\n        \n        \n        \n            <\/div>\n    \n\n\n<\/div>\n<\/div>\n<\/div>\n<\/div>\n<\/div>\n\n<\/a><\/div>    <\/article>\n<\/div><\/div>\n    \n            <div class=\"swiper-pagination\"><\/div>\n    \n<\/div>\r\n<\/div><div class=\"bde-post-loop-4802-351 bde-post-loop\"><div class=\"bde-loop bde-loop-grid ee-posts ee-posts-grid\">    <article class=\"bde-loop-item ee-post\">\n        <div class='breakdance'><a class=\"bde-container-link-2898-107-4892-2898-1 bde-container-link bde-container-link-2898-107 breakdance-link\" href=\"https:\/\/www.lestandmodulaire.com\/en\/le-marche-du-stand-en-pleine-mutation\/\" target=\"_self\" data-type=\"url\">\n  \n  \n\t\n\n\n\n<div class=\"bde-div-2898-108-4892-2898-1 bde-div bde-div-2898-108\">\n  \n  \n\t\n\n\n\n<div class=\"bde-div-2898-109-4892-2898-1 bde-div bde-div-2898-109\">\n  \n  \n\t\n\n\n\n<img decoding=\"async\" class=\"bde-image2-2898-110-4892-2898-1 bde-image2 bde-image2-2898-110\" src=\"https:\/\/www.lestandmodulaire.com\/wp-content\/uploads\/2025\/03\/le-stand-modulaire-article-marche-stand-exposition.jpg\" alt=\"Repr\u00e9sentation de l&#039;int\u00e9rieur d&#039;un salon professionnel avec des stands\" loading=\"lazy\" srcset=\"https:\/\/www.lestandmodulaire.com\/wp-content\/uploads\/2025\/03\/le-stand-modulaire-article-marche-stand-exposition.jpg 1000w, https:\/\/www.lestandmodulaire.com\/wp-content\/uploads\/2025\/03\/le-stand-modulaire-article-marche-stand-exposition-300x209.jpg 300w, https:\/\/www.lestandmodulaire.com\/wp-content\/uploads\/2025\/03\/le-stand-modulaire-article-marche-stand-exposition-768x534.jpg 768w, https:\/\/www.lestandmodulaire.com\/wp-content\/uploads\/2025\/03\/le-stand-modulaire-article-marche-stand-exposition-18x12.jpg 18w\" sizes=\"(max-width: 1000px) 100vw, 1000px\">\n<\/div><div class=\"bde-div-2898-111-4892-2898-1 bde-div bde-div-2898-111\">\n  \n  \n\t\n\n\n\n<div class=\"bde-div-2898-112-4892-2898-1 bde-div block-realisation-post-meta bde-div-2898-112\">\n  \n  \n\t\n\n\n\n<ul class=\"bde-post-meta-2898-129-4892-2898-1 bde-post-meta bde-post-meta-2898-129\"><li class=\"ee-postmeta-terms-wrap\"><span class=\"ee-postmeta-term\">Trends<\/span><\/li><\/ul>\n<\/div>\n<\/div><div class=\"bde-div-2898-118-4892-2898-1 bde-div bde-div-2898-118\">\n  \n  \n\t\n\n\n\n<ul class=\"bde-post-meta-2898-119-4892-2898-1 bde-post-meta bde-post-meta-2898-119\"><li class=\"ee-postmeta-terms-wrap\"><span class=\"ee-postmeta-term\">Trends<\/span><\/li>            <li class=\"ee-postmeta-date-wrap\">\n                                                        <span class=\"ee-postmeta-date\">March 25, 2025<\/span>\n                                <\/li>\n            <\/ul><div class=\"bde-div-2898-128-4892-2898-1 bde-div bde-div-2898-128\">\n  \n  \n\t\n\n\n\n<h3 class=\"bde-heading-2898-120-4892-2898-1 bde-heading bde-heading-2898-120\">The changing exhibition stand market: why modular is the future?<\/h3><div class=\"bde-code-block-2898-126-4892-2898-1 bde-code-block bde-code-block-2898-126\">\n\n  <p class=\"custom-excerpt\">The trade show and exhibition industry is constantly evolving. Faced with new business expectations, budget constraints...<\/p>\t\n\n\n<\/div><div class=\"bde-div-2898-124-4892-2898-1 bde-div bde-div-2898-124\">\n  \n  \n\t\n\n\n\n<div class=\"bde-text-2898-123-4892-2898-1 bde-text bde-text-2898-123\">\nRead more\n<\/div><div class=\"bde-icon-2898-125-4892-2898-1 bde-icon bde-icon-2898-125\">\n\n    \n            <div class=\"bde-icon-icon breakdance-icon-atom\" >\n    \n                    <svg xmlns=\"http:\/\/www.w3.org\/2000\/svg\" viewbox=\"0 0 448 512\"><!--! Font Awesome Pro 6.7.2 by @fontawesome - https:\/\/fontawesome.com License - https:\/\/fontawesome.com\/license (Commercial License) Copyright 2024 Fonticons, Inc. --><path d=\"M443.3 267.3c6.2-6.2 6.2-16.4 0-22.6l-176-176c-6.2-6.2-16.4-6.2-22.6 0s-6.2 16.4 0 22.6L393.4 240 16 240c-8.8 0-16 7.2-16 16s7.2 16 16 16l377.4 0L244.7 420.7c-6.2 6.2-6.2 16.4 0 22.6s16.4 6.2 22.6 0l176-176z\"\/><\/svg>\n        \n        \n        \n            <\/div>\n    \n\n\n<\/div>\n<\/div>\n<\/div>\n<\/div>\n<\/div>\n\n<\/a><\/div>    <\/article>\n    <article class=\"bde-loop-item ee-post\">\n        <div class='breakdance'><a class=\"bde-container-link-2898-107-5334-2898-2 bde-container-link bde-container-link-2898-107 breakdance-link\" href=\"https:\/\/www.lestandmodulaire.com\/en\/stand-modulaire-eco-responsable-comment-reduire-empreinte-carbone-salons\/\" target=\"_self\" data-type=\"url\">\n  \n  \n\t\n\n\n\n<div class=\"bde-div-2898-108-5334-2898-2 bde-div bde-div-2898-108\">\n  \n  \n\t\n\n\n\n<div class=\"bde-div-2898-109-5334-2898-2 bde-div bde-div-2898-109\">\n  \n  \n\t\n\n\n\n<img decoding=\"async\" class=\"bde-image2-2898-110-5334-2898-2 bde-image2 bde-image2-2898-110\" src=\"https:\/\/www.lestandmodulaire.com\/wp-content\/uploads\/2026\/03\/le-stand-modulaire-realisation-dsm-fiermenish-cfia-21m\u00b2-2026-02.jpg\" alt=\"Stand modulaire DSM Fiermenish de 32 m\u00b2 au salon CFIA 2026 vue de c\u00f4t\u00e9\" loading=\"lazy\" srcset=\"https:\/\/www.lestandmodulaire.com\/wp-content\/uploads\/2026\/03\/le-stand-modulaire-realisation-dsm-fiermenish-cfia-21m\u00b2-2026-02.jpg 2048w, https:\/\/www.lestandmodulaire.com\/wp-content\/uploads\/2026\/03\/le-stand-modulaire-realisation-dsm-fiermenish-cfia-21m\u00b2-2026-02-300x200.jpg 300w, https:\/\/www.lestandmodulaire.com\/wp-content\/uploads\/2026\/03\/le-stand-modulaire-realisation-dsm-fiermenish-cfia-21m\u00b2-2026-02-1024x683.jpg 1024w, https:\/\/www.lestandmodulaire.com\/wp-content\/uploads\/2026\/03\/le-stand-modulaire-realisation-dsm-fiermenish-cfia-21m\u00b2-2026-02-768x512.jpg 768w, https:\/\/www.lestandmodulaire.com\/wp-content\/uploads\/2026\/03\/le-stand-modulaire-realisation-dsm-fiermenish-cfia-21m\u00b2-2026-02-1536x1024.jpg 1536w, https:\/\/www.lestandmodulaire.com\/wp-content\/uploads\/2026\/03\/le-stand-modulaire-realisation-dsm-fiermenish-cfia-21m\u00b2-2026-02-18x12.jpg 18w\" sizes=\"(max-width: 2048px) 100vw, 2048px\">\n<\/div><div class=\"bde-div-2898-111-5334-2898-2 bde-div bde-div-2898-111\">\n  \n  \n\t\n\n\n\n<div class=\"bde-div-2898-112-5334-2898-2 bde-div block-realisation-post-meta bde-div-2898-112\">\n  \n  \n\t\n\n\n\n<ul class=\"bde-post-meta-2898-129-5334-2898-2 bde-post-meta bde-post-meta-2898-129\"><li class=\"ee-postmeta-terms-wrap\"><span class=\"ee-postmeta-term\">Tips<\/span><\/li><\/ul>\n<\/div>\n<\/div><div class=\"bde-div-2898-118-5334-2898-2 bde-div bde-div-2898-118\">\n  \n  \n\t\n\n\n\n<ul class=\"bde-post-meta-2898-119-5334-2898-2 bde-post-meta bde-post-meta-2898-119\"><li class=\"ee-postmeta-terms-wrap\"><span class=\"ee-postmeta-term\">Tips<\/span><\/li>            <li class=\"ee-postmeta-date-wrap\">\n                                                        <span class=\"ee-postmeta-date\">10 March 2026<\/span>\n                                <\/li>\n            <\/ul><div class=\"bde-div-2898-128-5334-2898-2 bde-div bde-div-2898-128\">\n  \n  \n\t\n\n\n\n<h3 class=\"bde-heading-2898-120-5334-2898-2 bde-heading bde-heading-2898-120\">Stand modulaire \u00e9co-responsable : comment r\u00e9duire l&#8217;empreinte carbone de vos salons ?<\/h3><div class=\"bde-code-block-2898-126-5334-2898-2 bde-code-block bde-code-block-2898-126\">\n\n  <p class=\"custom-excerpt\">Un stand modulaire r\u00e9duit l'empreinte carbone d'une participation salon en limitant la production de d\u00e9chets, en optimisant le transport et...<\/p>\t\n\n\n<\/div><div class=\"bde-div-2898-124-5334-2898-2 bde-div bde-div-2898-124\">\n  \n  \n\t\n\n\n\n<div class=\"bde-text-2898-123-5334-2898-2 bde-text bde-text-2898-123\">\nRead more\n<\/div><div class=\"bde-icon-2898-125-5334-2898-2 bde-icon bde-icon-2898-125\">\n\n    \n            <div class=\"bde-icon-icon breakdance-icon-atom\" >\n    \n                    <svg xmlns=\"http:\/\/www.w3.org\/2000\/svg\" viewbox=\"0 0 448 512\"><!--! Font Awesome Pro 6.7.2 by @fontawesome - https:\/\/fontawesome.com License - https:\/\/fontawesome.com\/license (Commercial License) Copyright 2024 Fonticons, Inc. --><path d=\"M443.3 267.3c6.2-6.2 6.2-16.4 0-22.6l-176-176c-6.2-6.2-16.4-6.2-22.6 0s-6.2 16.4 0 22.6L393.4 240 16 240c-8.8 0-16 7.2-16 16s7.2 16 16 16l377.4 0L244.7 420.7c-6.2 6.2-6.2 16.4 0 22.6s16.4 6.2 22.6 0l176-176z\"\/><\/svg>\n        \n        \n        \n            <\/div>\n    \n\n\n<\/div>\n<\/div>\n<\/div>\n<\/div>\n<\/div>\n\n<\/a><\/div>    <\/article>\n    <article class=\"bde-loop-item ee-post\">\n        <div class='breakdance'><a class=\"bde-container-link-2898-107-5241-2898-2 bde-container-link bde-container-link-2898-107 breakdance-link\" href=\"https:\/\/www.lestandmodulaire.com\/en\/stand-modulaire-definition-fonctionnement-et-avantages-pour-les-salons-professionnels\/\" target=\"_self\" data-type=\"url\">\n  \n  \n\t\n\n\n\n<div class=\"bde-div-2898-108-5241-2898-2 bde-div bde-div-2898-108\">\n  \n  \n\t\n\n\n\n<div class=\"bde-div-2898-109-5241-2898-2 bde-div bde-div-2898-109\">\n  \n  \n\t\n\n\n\n<img decoding=\"async\" class=\"bde-image2-2898-110-5241-2898-2 bde-image2 bde-image2-2898-110\" src=\"https:\/\/www.lestandmodulaire.com\/wp-content\/uploads\/2026\/02\/le-stand-modulaire-smeg-porshe-retromobile-2026-03.jpg\" alt=\"Stand modulaire Smeg x Porshe de 66 m\u00b2 au salon R\u00e9tromobile 2026 vue de c\u00f4t\u00e9\" loading=\"lazy\" srcset=\"https:\/\/www.lestandmodulaire.com\/wp-content\/uploads\/2026\/02\/le-stand-modulaire-smeg-porshe-retromobile-2026-03.jpg 1250w, https:\/\/www.lestandmodulaire.com\/wp-content\/uploads\/2026\/02\/le-stand-modulaire-smeg-porshe-retromobile-2026-03-300x216.jpg 300w, https:\/\/www.lestandmodulaire.com\/wp-content\/uploads\/2026\/02\/le-stand-modulaire-smeg-porshe-retromobile-2026-03-1024x737.jpg 1024w, https:\/\/www.lestandmodulaire.com\/wp-content\/uploads\/2026\/02\/le-stand-modulaire-smeg-porshe-retromobile-2026-03-768x553.jpg 768w, https:\/\/www.lestandmodulaire.com\/wp-content\/uploads\/2026\/02\/le-stand-modulaire-smeg-porshe-retromobile-2026-03-18x12.jpg 18w\" sizes=\"(max-width: 1250px) 100vw, 1250px\">\n<\/div><div class=\"bde-div-2898-111-5241-2898-2 bde-div bde-div-2898-111\">\n  \n  \n\t\n\n\n\n<div class=\"bde-div-2898-112-5241-2898-2 bde-div block-realisation-post-meta bde-div-2898-112\">\n  \n  \n\t\n\n\n\n<ul class=\"bde-post-meta-2898-129-5241-2898-2 bde-post-meta bde-post-meta-2898-129\"><li class=\"ee-postmeta-terms-wrap\"><span class=\"ee-postmeta-term\">Tips<\/span><\/li><\/ul>\n<\/div>\n<\/div><div class=\"bde-div-2898-118-5241-2898-2 bde-div bde-div-2898-118\">\n  \n  \n\t\n\n\n\n<ul class=\"bde-post-meta-2898-119-5241-2898-2 bde-post-meta bde-post-meta-2898-119\"><li class=\"ee-postmeta-terms-wrap\"><span class=\"ee-postmeta-term\">Tips<\/span><\/li>            <li class=\"ee-postmeta-date-wrap\">\n                                                        <span class=\"ee-postmeta-date\">07 November 2025<\/span>\n                                <\/li>\n            <\/ul><div class=\"bde-div-2898-128-5241-2898-2 bde-div bde-div-2898-128\">\n  \n  \n\t\n\n\n\n<h3 class=\"bde-heading-2898-120-5241-2898-2 bde-heading bde-heading-2898-120\">Stand modulaire : d\u00e9finition, fonctionnement et avantages pour les salons professionnels<\/h3><div class=\"bde-code-block-2898-126-5241-2898-2 bde-code-block bde-code-block-2898-126\">\n\n  <p class=\"custom-excerpt\">Un stand modulaire est une structure d\u2019exposition compos\u00e9e d\u2019\u00e9l\u00e9ments r\u00e9utilisables et reconfigurables permettant d\u2019adapter un m\u00eame dispositif \u00e0 diff\u00e9rentes surfaces...<\/p>\t\n\n\n<\/div><div class=\"bde-div-2898-124-5241-2898-2 bde-div bde-div-2898-124\">\n  \n  \n\t\n\n\n\n<div class=\"bde-text-2898-123-5241-2898-2 bde-text bde-text-2898-123\">\nRead more\n<\/div><div class=\"bde-icon-2898-125-5241-2898-2 bde-icon bde-icon-2898-125\">\n\n    \n            <div class=\"bde-icon-icon breakdance-icon-atom\" >\n    \n                    <svg xmlns=\"http:\/\/www.w3.org\/2000\/svg\" viewbox=\"0 0 448 512\"><!--! Font Awesome Pro 6.7.2 by @fontawesome - https:\/\/fontawesome.com License - https:\/\/fontawesome.com\/license (Commercial License) Copyright 2024 Fonticons, Inc. --><path d=\"M443.3 267.3c6.2-6.2 6.2-16.4 0-22.6l-176-176c-6.2-6.2-16.4-6.2-22.6 0s-6.2 16.4 0 22.6L393.4 240 16 240c-8.8 0-16 7.2-16 16s7.2 16 16 16l377.4 0L244.7 420.7c-6.2 6.2-6.2 16.4 0 22.6s16.4 6.2 22.6 0l176-176z\"\/><\/svg>\n        \n        \n        \n            <\/div>\n    \n\n\n<\/div>\n<\/div>\n<\/div>\n<\/div>\n<\/div>\n\n<\/a><\/div>    <\/article>\n<\/div>\r\n<\/div><a class=\"bde-text-link-4802-352 bde-text-link link-animation breakdance-link\" href=\"#\" target=\"_self\" data-type=\"url\">\n  All our news\n\n<\/a>\n<\/div><\/div>\n<\/section><\/div>","protected":false},"excerpt":{"rendered":"<p>Les stands modulaires souffrent souvent d\u2019un pr\u00e9jug\u00e9 persistant : ils seraient standardis\u00e9s et peu personnalisables. Pourtant, la r\u00e9alit\u00e9 est bien diff\u00e9rente ! Chez Le Stand Modulaire, chaque projet est con\u00e7u sur mesure, en parfaite ad\u00e9quation avec l\u2019identit\u00e9 visuelle et les besoins sp\u00e9cifiques de l\u2019exposant. Alors, peut-on vraiment allier modularit\u00e9 et personnalisation ? La r\u00e9ponse est un grand oui !<\/p>","protected":false},"author":4,"featured_media":4745,"comment_status":"open","ping_status":"closed","sticky":false,"template":"","format":"standard","meta":{"_acf_changed":false,"_breakdance_hide_in_design_set":false,"_breakdance_tags":"","footnotes":""},"categories":[19],"tags":[],"class_list":["post-4802","post","type-post","status-publish","format-standard","has-post-thumbnail","hentry","category-tips"],"acf":[],"yoast_head":"<!-- This site is optimized with the Yoast SEO plugin v27.4 - https:\/\/yoast.com\/product\/yoast-seo-wordpress\/ -->\n<title>Un stand modulaire sur-mesure ? C&#039;est possible - Le Stand Modulaire<\/title>\n<meta name=\"description\" content=\"Les stands modulaires souffrent d\u2019un pr\u00e9jug\u00e9 : ils seraient standardis\u00e9s. Peut-on vraiment allier modularit\u00e9 et personnalisation ? Oui !\" \/>\n<meta name=\"robots\" content=\"index, follow, max-snippet:-1, max-image-preview:large, max-video-preview:-1\" \/>\n<link rel=\"canonical\" href=\"https:\/\/www.lestandmodulaire.com\/en\/un-stand-modulaire-sur-mesure-cest-possible\/\" \/>\n<meta property=\"og:locale\" content=\"en_US\" \/>\n<meta property=\"og:type\" content=\"article\" \/>\n<meta property=\"og:title\" content=\"Un stand modulaire sur-mesure ? C&#039;est possible - Le Stand Modulaire\" \/>\n<meta property=\"og:description\" content=\"Les stands modulaires souffrent d\u2019un pr\u00e9jug\u00e9 : ils seraient standardis\u00e9s. Peut-on vraiment allier modularit\u00e9 et personnalisation ? Oui !\" \/>\n<meta property=\"og:url\" content=\"https:\/\/www.lestandmodulaire.com\/en\/un-stand-modulaire-sur-mesure-cest-possible\/\" \/>\n<meta property=\"og:site_name\" content=\"Le Stand Modulaire\" \/>\n<meta property=\"article:published_time\" content=\"2025-03-13T14:38:02+00:00\" \/>\n<meta property=\"article:modified_time\" content=\"2025-03-20T15:39:12+00:00\" \/>\n<meta property=\"og:image\" content=\"https:\/\/www.lestandmodulaire.com\/wp-content\/uploads\/2025\/03\/le-stand-modulaire-delpharm-cphi-2024-208m2-02.jpg\" \/>\n\t<meta property=\"og:image:width\" content=\"1250\" \/>\n\t<meta property=\"og:image:height\" content=\"900\" \/>\n\t<meta property=\"og:image:type\" content=\"image\/jpeg\" \/>\n<meta name=\"author\" content=\"jade\" \/>\n<meta name=\"twitter:card\" content=\"summary_large_image\" \/>\n<meta name=\"twitter:label1\" content=\"Written by\" \/>\n\t<meta name=\"twitter:data1\" content=\"jade\" \/>\n\t<meta name=\"twitter:label2\" content=\"Est. reading time\" \/>\n\t<meta name=\"twitter:data2\" content=\"6 minutes\" \/>\n<script type=\"application\/ld+json\" class=\"yoast-schema-graph\">{\"@context\":\"https:\\\/\\\/schema.org\",\"@graph\":[{\"@type\":\"Article\",\"@id\":\"https:\\\/\\\/www.lestandmodulaire.com\\\/en\\\/un-stand-modulaire-sur-mesure-cest-possible\\\/#article\",\"isPartOf\":{\"@id\":\"https:\\\/\\\/www.lestandmodulaire.com\\\/en\\\/un-stand-modulaire-sur-mesure-cest-possible\\\/\"},\"author\":{\"name\":\"jade\",\"@id\":\"https:\\\/\\\/www.lestandmodulaire.com\\\/en\\\/#\\\/schema\\\/person\\\/fd3eeef606733051d58f2680971a425f\"},\"headline\":\"Un stand modulaire sur-mesure : est-ce vraiment possible ?\",\"datePublished\":\"2025-03-13T14:38:02+00:00\",\"dateModified\":\"2025-03-20T15:39:12+00:00\",\"mainEntityOfPage\":{\"@id\":\"https:\\\/\\\/www.lestandmodulaire.com\\\/en\\\/un-stand-modulaire-sur-mesure-cest-possible\\\/\"},\"wordCount\":7,\"commentCount\":0,\"image\":{\"@id\":\"https:\\\/\\\/www.lestandmodulaire.com\\\/en\\\/un-stand-modulaire-sur-mesure-cest-possible\\\/#primaryimage\"},\"thumbnailUrl\":\"https:\\\/\\\/www.lestandmodulaire.com\\\/wp-content\\\/uploads\\\/2025\\\/03\\\/le-stand-modulaire-delpharm-cphi-2024-208m2-02.jpg\",\"articleSection\":[\"Tips\"],\"inLanguage\":\"en-US\"},{\"@type\":\"WebPage\",\"@id\":\"https:\\\/\\\/www.lestandmodulaire.com\\\/en\\\/un-stand-modulaire-sur-mesure-cest-possible\\\/\",\"url\":\"https:\\\/\\\/www.lestandmodulaire.com\\\/en\\\/un-stand-modulaire-sur-mesure-cest-possible\\\/\",\"name\":\"Un stand modulaire sur-mesure ? C'est possible - Le Stand Modulaire\",\"isPartOf\":{\"@id\":\"https:\\\/\\\/www.lestandmodulaire.com\\\/en\\\/#website\"},\"primaryImageOfPage\":{\"@id\":\"https:\\\/\\\/www.lestandmodulaire.com\\\/en\\\/un-stand-modulaire-sur-mesure-cest-possible\\\/#primaryimage\"},\"image\":{\"@id\":\"https:\\\/\\\/www.lestandmodulaire.com\\\/en\\\/un-stand-modulaire-sur-mesure-cest-possible\\\/#primaryimage\"},\"thumbnailUrl\":\"https:\\\/\\\/www.lestandmodulaire.com\\\/wp-content\\\/uploads\\\/2025\\\/03\\\/le-stand-modulaire-delpharm-cphi-2024-208m2-02.jpg\",\"datePublished\":\"2025-03-13T14:38:02+00:00\",\"dateModified\":\"2025-03-20T15:39:12+00:00\",\"author\":{\"@id\":\"https:\\\/\\\/www.lestandmodulaire.com\\\/en\\\/#\\\/schema\\\/person\\\/fd3eeef606733051d58f2680971a425f\"},\"description\":\"Les stands modulaires souffrent d\u2019un pr\u00e9jug\u00e9 : ils seraient standardis\u00e9s. Peut-on vraiment allier modularit\u00e9 et personnalisation ? Oui !\",\"breadcrumb\":{\"@id\":\"https:\\\/\\\/www.lestandmodulaire.com\\\/en\\\/un-stand-modulaire-sur-mesure-cest-possible\\\/#breadcrumb\"},\"inLanguage\":\"en-US\",\"potentialAction\":[{\"@type\":\"ReadAction\",\"target\":[\"https:\\\/\\\/www.lestandmodulaire.com\\\/en\\\/un-stand-modulaire-sur-mesure-cest-possible\\\/\"]}]},{\"@type\":\"ImageObject\",\"inLanguage\":\"en-US\",\"@id\":\"https:\\\/\\\/www.lestandmodulaire.com\\\/en\\\/un-stand-modulaire-sur-mesure-cest-possible\\\/#primaryimage\",\"url\":\"https:\\\/\\\/www.lestandmodulaire.com\\\/wp-content\\\/uploads\\\/2025\\\/03\\\/le-stand-modulaire-delpharm-cphi-2024-208m2-02.jpg\",\"contentUrl\":\"https:\\\/\\\/www.lestandmodulaire.com\\\/wp-content\\\/uploads\\\/2025\\\/03\\\/le-stand-modulaire-delpharm-cphi-2024-208m2-02.jpg\",\"width\":1250,\"height\":900,\"caption\":\"Vue int\u00e9rieure du stand modulaire Delpharm de 208 m\u00b2 sur le salon CPHI 2024\"},{\"@type\":\"BreadcrumbList\",\"@id\":\"https:\\\/\\\/www.lestandmodulaire.com\\\/en\\\/un-stand-modulaire-sur-mesure-cest-possible\\\/#breadcrumb\",\"itemListElement\":[{\"@type\":\"ListItem\",\"position\":1,\"name\":\"Home\",\"item\":\"https:\\\/\\\/www.lestandmodulaire.com\\\/\"},{\"@type\":\"ListItem\",\"position\":2,\"name\":\"Un stand modulaire sur-mesure : est-ce vraiment possible ?\"}]},{\"@type\":\"WebSite\",\"@id\":\"https:\\\/\\\/www.lestandmodulaire.com\\\/en\\\/#website\",\"url\":\"https:\\\/\\\/www.lestandmodulaire.com\\\/en\\\/\",\"name\":\"Le Stand Modulaire\",\"description\":\"\",\"potentialAction\":[{\"@type\":\"SearchAction\",\"target\":{\"@type\":\"EntryPoint\",\"urlTemplate\":\"https:\\\/\\\/www.lestandmodulaire.com\\\/en\\\/?s={search_term_string}\"},\"query-input\":{\"@type\":\"PropertyValueSpecification\",\"valueRequired\":true,\"valueName\":\"search_term_string\"}}],\"inLanguage\":\"en-US\"},{\"@type\":\"Person\",\"@id\":\"https:\\\/\\\/www.lestandmodulaire.com\\\/en\\\/#\\\/schema\\\/person\\\/fd3eeef606733051d58f2680971a425f\",\"name\":\"jade\",\"image\":{\"@type\":\"ImageObject\",\"inLanguage\":\"en-US\",\"@id\":\"https:\\\/\\\/secure.gravatar.com\\\/avatar\\\/c9698fb80f4f5316ddf00a71ea988ef162418ce07a6874e07edaff2c311bd0f3?s=96&d=mm&r=g\",\"url\":\"https:\\\/\\\/secure.gravatar.com\\\/avatar\\\/c9698fb80f4f5316ddf00a71ea988ef162418ce07a6874e07edaff2c311bd0f3?s=96&d=mm&r=g\",\"contentUrl\":\"https:\\\/\\\/secure.gravatar.com\\\/avatar\\\/c9698fb80f4f5316ddf00a71ea988ef162418ce07a6874e07edaff2c311bd0f3?s=96&d=mm&r=g\",\"caption\":\"jade\"}}]}<\/script>\n<!-- \/ Yoast SEO plugin. -->","yoast_head_json":{"title":"Un stand modulaire sur-mesure ? C'est possible - Le Stand Modulaire","description":"Les stands modulaires souffrent d\u2019un pr\u00e9jug\u00e9 : ils seraient standardis\u00e9s. Peut-on vraiment allier modularit\u00e9 et personnalisation ? Oui !","robots":{"index":"index","follow":"follow","max-snippet":"max-snippet:-1","max-image-preview":"max-image-preview:large","max-video-preview":"max-video-preview:-1"},"canonical":"https:\/\/www.lestandmodulaire.com\/en\/un-stand-modulaire-sur-mesure-cest-possible\/","og_locale":"en_US","og_type":"article","og_title":"Un stand modulaire sur-mesure ? C'est possible - Le Stand Modulaire","og_description":"Les stands modulaires souffrent d\u2019un pr\u00e9jug\u00e9 : ils seraient standardis\u00e9s. Peut-on vraiment allier modularit\u00e9 et personnalisation ? Oui !","og_url":"https:\/\/www.lestandmodulaire.com\/en\/un-stand-modulaire-sur-mesure-cest-possible\/","og_site_name":"Le Stand Modulaire","article_published_time":"2025-03-13T14:38:02+00:00","article_modified_time":"2025-03-20T15:39:12+00:00","og_image":[{"width":1250,"height":900,"url":"https:\/\/www.lestandmodulaire.com\/wp-content\/uploads\/2025\/03\/le-stand-modulaire-delpharm-cphi-2024-208m2-02.jpg","type":"image\/jpeg"}],"author":"jade","twitter_card":"summary_large_image","twitter_misc":{"Written by":"jade","Est. reading time":"6 minutes"},"schema":{"@context":"https:\/\/schema.org","@graph":[{"@type":"Article","@id":"https:\/\/www.lestandmodulaire.com\/en\/un-stand-modulaire-sur-mesure-cest-possible\/#article","isPartOf":{"@id":"https:\/\/www.lestandmodulaire.com\/en\/un-stand-modulaire-sur-mesure-cest-possible\/"},"author":{"name":"jade","@id":"https:\/\/www.lestandmodulaire.com\/en\/#\/schema\/person\/fd3eeef606733051d58f2680971a425f"},"headline":"Un stand modulaire sur-mesure : est-ce vraiment possible ?","datePublished":"2025-03-13T14:38:02+00:00","dateModified":"2025-03-20T15:39:12+00:00","mainEntityOfPage":{"@id":"https:\/\/www.lestandmodulaire.com\/en\/un-stand-modulaire-sur-mesure-cest-possible\/"},"wordCount":7,"commentCount":0,"image":{"@id":"https:\/\/www.lestandmodulaire.com\/en\/un-stand-modulaire-sur-mesure-cest-possible\/#primaryimage"},"thumbnailUrl":"https:\/\/www.lestandmodulaire.com\/wp-content\/uploads\/2025\/03\/le-stand-modulaire-delpharm-cphi-2024-208m2-02.jpg","articleSection":["Tips"],"inLanguage":"en-US"},{"@type":"WebPage","@id":"https:\/\/www.lestandmodulaire.com\/en\/un-stand-modulaire-sur-mesure-cest-possible\/","url":"https:\/\/www.lestandmodulaire.com\/en\/un-stand-modulaire-sur-mesure-cest-possible\/","name":"Un stand modulaire sur-mesure ? C'est possible - Le Stand Modulaire","isPartOf":{"@id":"https:\/\/www.lestandmodulaire.com\/en\/#website"},"primaryImageOfPage":{"@id":"https:\/\/www.lestandmodulaire.com\/en\/un-stand-modulaire-sur-mesure-cest-possible\/#primaryimage"},"image":{"@id":"https:\/\/www.lestandmodulaire.com\/en\/un-stand-modulaire-sur-mesure-cest-possible\/#primaryimage"},"thumbnailUrl":"https:\/\/www.lestandmodulaire.com\/wp-content\/uploads\/2025\/03\/le-stand-modulaire-delpharm-cphi-2024-208m2-02.jpg","datePublished":"2025-03-13T14:38:02+00:00","dateModified":"2025-03-20T15:39:12+00:00","author":{"@id":"https:\/\/www.lestandmodulaire.com\/en\/#\/schema\/person\/fd3eeef606733051d58f2680971a425f"},"description":"Les stands modulaires souffrent d\u2019un pr\u00e9jug\u00e9 : ils seraient standardis\u00e9s. Peut-on vraiment allier modularit\u00e9 et personnalisation ? Oui !","breadcrumb":{"@id":"https:\/\/www.lestandmodulaire.com\/en\/un-stand-modulaire-sur-mesure-cest-possible\/#breadcrumb"},"inLanguage":"en-US","potentialAction":[{"@type":"ReadAction","target":["https:\/\/www.lestandmodulaire.com\/en\/un-stand-modulaire-sur-mesure-cest-possible\/"]}]},{"@type":"ImageObject","inLanguage":"en-US","@id":"https:\/\/www.lestandmodulaire.com\/en\/un-stand-modulaire-sur-mesure-cest-possible\/#primaryimage","url":"https:\/\/www.lestandmodulaire.com\/wp-content\/uploads\/2025\/03\/le-stand-modulaire-delpharm-cphi-2024-208m2-02.jpg","contentUrl":"https:\/\/www.lestandmodulaire.com\/wp-content\/uploads\/2025\/03\/le-stand-modulaire-delpharm-cphi-2024-208m2-02.jpg","width":1250,"height":900,"caption":"Vue int\u00e9rieure du stand modulaire Delpharm de 208 m\u00b2 sur le salon CPHI 2024"},{"@type":"BreadcrumbList","@id":"https:\/\/www.lestandmodulaire.com\/en\/un-stand-modulaire-sur-mesure-cest-possible\/#breadcrumb","itemListElement":[{"@type":"ListItem","position":1,"name":"Home","item":"https:\/\/www.lestandmodulaire.com\/"},{"@type":"ListItem","position":2,"name":"Un stand modulaire sur-mesure : est-ce vraiment possible ?"}]},{"@type":"WebSite","@id":"https:\/\/www.lestandmodulaire.com\/en\/#website","url":"https:\/\/www.lestandmodulaire.com\/en\/","name":"The Modular Stand","description":"","potentialAction":[{"@type":"SearchAction","target":{"@type":"EntryPoint","urlTemplate":"https:\/\/www.lestandmodulaire.com\/en\/?s={search_term_string}"},"query-input":{"@type":"PropertyValueSpecification","valueRequired":true,"valueName":"search_term_string"}}],"inLanguage":"en-US"},{"@type":"Person","@id":"https:\/\/www.lestandmodulaire.com\/en\/#\/schema\/person\/fd3eeef606733051d58f2680971a425f","name":"jade","image":{"@type":"ImageObject","inLanguage":"en-US","@id":"https:\/\/secure.gravatar.com\/avatar\/c9698fb80f4f5316ddf00a71ea988ef162418ce07a6874e07edaff2c311bd0f3?s=96&d=mm&r=g","url":"https:\/\/secure.gravatar.com\/avatar\/c9698fb80f4f5316ddf00a71ea988ef162418ce07a6874e07edaff2c311bd0f3?s=96&d=mm&r=g","contentUrl":"https:\/\/secure.gravatar.com\/avatar\/c9698fb80f4f5316ddf00a71ea988ef162418ce07a6874e07edaff2c311bd0f3?s=96&d=mm&r=g","caption":"jade"}}]}},"_links":{"self":[{"href":"https:\/\/www.lestandmodulaire.com\/en\/wp-json\/wp\/v2\/posts\/4802","targetHints":{"allow":["GET"]}}],"collection":[{"href":"https:\/\/www.lestandmodulaire.com\/en\/wp-json\/wp\/v2\/posts"}],"about":[{"href":"https:\/\/www.lestandmodulaire.com\/en\/wp-json\/wp\/v2\/types\/post"}],"author":[{"embeddable":true,"href":"https:\/\/www.lestandmodulaire.com\/en\/wp-json\/wp\/v2\/users\/4"}],"replies":[{"embeddable":true,"href":"https:\/\/www.lestandmodulaire.com\/en\/wp-json\/wp\/v2\/comments?post=4802"}],"version-history":[{"count":5,"href":"https:\/\/www.lestandmodulaire.com\/en\/wp-json\/wp\/v2\/posts\/4802\/revisions"}],"predecessor-version":[{"id":4807,"href":"https:\/\/www.lestandmodulaire.com\/en\/wp-json\/wp\/v2\/posts\/4802\/revisions\/4807"}],"wp:featuredmedia":[{"embeddable":true,"href":"https:\/\/www.lestandmodulaire.com\/en\/wp-json\/wp\/v2\/media\/4745"}],"wp:attachment":[{"href":"https:\/\/www.lestandmodulaire.com\/en\/wp-json\/wp\/v2\/media?parent=4802"}],"wp:term":[{"taxonomy":"category","embeddable":true,"href":"https:\/\/www.lestandmodulaire.com\/en\/wp-json\/wp\/v2\/categories?post=4802"},{"taxonomy":"post_tag","embeddable":true,"href":"https:\/\/www.lestandmodulaire.com\/en\/wp-json\/wp\/v2\/tags?post=4802"}],"curies":[{"name":"wp","href":"https:\/\/api.w.org\/{rel}","templated":true}]}}